{"id":2538,"date":"2019-11-21T17:14:55","date_gmt":"2019-11-21T16:14:55","guid":{"rendered":"http:\/\/agora.xtec.cat\/ceipjoanmarquescasals\/?p=2538"},"modified":"2020-11-13T15:51:41","modified_gmt":"2020-11-13T14:51:41","slug":"comencem-les-classes-de-robotica","status":"publish","type":"post","link":"https:\/\/agora.xtec.cat\/ceipjoanmarquescasals\/any-2019-2020\/comencem-les-classes-de-robotica\/","title":{"rendered":"Comencem les classes de rob\u00f2tica"},"content":{"rendered":"<p>Despr\u00e9s d&#8217;un inici de curs una mica diferent amb la transformaci\u00f3 digital del nostre centre, aquesta setmana hem pogut comen\u00e7ar les classes de rob\u00f2tica a sis\u00e8 curs.<\/p>\n<p><img loading=\"lazy\" decoding=\"async\" class=\"alignnone size-full wp-image-2539\" src=\"https:\/\/agora.xtec.cat\/ceipjoanmarquescasals\/wp-content\/uploads\/usu1790\/2019\/11\/20191119_114821.jpg\" alt=\"\" width=\"456\" height=\"608\" srcset=\"https:\/\/agora.xtec.cat\/ceipjoanmarquescasals\/wp-content\/uploads\/usu1790\/2019\/11\/20191119_114821.jpg 456w, https:\/\/agora.xtec.cat\/ceipjoanmarquescasals\/wp-content\/uploads\/usu1790\/2019\/11\/20191119_114821-225x300.jpg 225w\" sizes=\"auto, (max-width: 456px) 100vw, 456px\" \/> <img loading=\"lazy\" decoding=\"async\" class=\"alignnone size-large wp-image-2540\" src=\"https:\/\/agora.xtec.cat\/ceipjoanmarquescasals\/wp-content\/uploads\/usu1790\/2019\/11\/20191119_114829.jpg\" alt=\"\" width=\"811\" height=\"608\" srcset=\"https:\/\/agora.xtec.cat\/ceipjoanmarquescasals\/wp-content\/uploads\/usu1790\/2019\/11\/20191119_114829.jpg 811w, https:\/\/agora.xtec.cat\/ceipjoanmarquescasals\/wp-content\/uploads\/usu1790\/2019\/11\/20191119_114829-300x225.jpg 300w, https:\/\/agora.xtec.cat\/ceipjoanmarquescasals\/wp-content\/uploads\/usu1790\/2019\/11\/20191119_114829-768x576.jpg 768w, https:\/\/agora.xtec.cat\/ceipjoanmarquescasals\/wp-content\/uploads\/usu1790\/2019\/11\/20191119_114829-200x150.jpg 200w\" sizes=\"auto, (max-width: 811px) 100vw, 811px\" \/> <img loading=\"lazy\" decoding=\"async\" class=\"alignnone size-large wp-image-2541\" src=\"https:\/\/agora.xtec.cat\/ceipjoanmarquescasals\/wp-content\/uploads\/usu1790\/2019\/11\/20191119_115024.jpg\" alt=\"\" width=\"456\" height=\"608\" srcset=\"https:\/\/agora.xtec.cat\/ceipjoanmarquescasals\/wp-content\/uploads\/usu1790\/2019\/11\/20191119_115024.jpg 456w, https:\/\/agora.xtec.cat\/ceipjoanmarquescasals\/wp-content\/uploads\/usu1790\/2019\/11\/20191119_115024-225x300.jpg 225w\" sizes=\"auto, (max-width: 456px) 100vw, 456px\" \/> <img loading=\"lazy\" decoding=\"async\" class=\"alignnone size-large wp-image-2542\" src=\"https:\/\/agora.xtec.cat\/ceipjoanmarquescasals\/wp-content\/uploads\/usu1790\/2019\/11\/20191119_115028.jpg\" alt=\"\" width=\"811\" height=\"608\" srcset=\"https:\/\/agora.xtec.cat\/ceipjoanmarquescasals\/wp-content\/uploads\/usu1790\/2019\/11\/20191119_115028.jpg 811w, https:\/\/agora.xtec.cat\/ceipjoanmarquescasals\/wp-content\/uploads\/usu1790\/2019\/11\/20191119_115028-300x225.jpg 300w, https:\/\/agora.xtec.cat\/ceipjoanmarquescasals\/wp-content\/uploads\/usu1790\/2019\/11\/20191119_115028-768x576.jpg 768w, https:\/\/agora.xtec.cat\/ceipjoanmarquescasals\/wp-content\/uploads\/usu1790\/2019\/11\/20191119_115028-200x150.jpg 200w\" sizes=\"auto, (max-width: 811px) 100vw, 811px\" \/> <img loading=\"lazy\" decoding=\"async\" class=\"alignnone size-large wp-image-2543\" src=\"https:\/\/agora.xtec.cat\/ceipjoanmarquescasals\/wp-content\/uploads\/usu1790\/2019\/11\/20191119_115055.jpg\" alt=\"\" width=\"811\" height=\"608\" srcset=\"https:\/\/agora.xtec.cat\/ceipjoanmarquescasals\/wp-content\/uploads\/usu1790\/2019\/11\/20191119_115055.jpg 811w, https:\/\/agora.xtec.cat\/ceipjoanmarquescasals\/wp-content\/uploads\/usu1790\/2019\/11\/20191119_115055-300x225.jpg 300w, https:\/\/agora.xtec.cat\/ceipjoanmarquescasals\/wp-content\/uploads\/usu1790\/2019\/11\/20191119_115055-768x576.jpg 768w, https:\/\/agora.xtec.cat\/ceipjoanmarquescasals\/wp-content\/uploads\/usu1790\/2019\/11\/20191119_115055-200x150.jpg 200w\" sizes=\"auto, (max-width: 811px) 100vw, 811px\" \/> <img loading=\"lazy\" decoding=\"async\" class=\"alignnone size-large wp-image-2544\" src=\"https:\/\/agora.xtec.cat\/ceipjoanmarquescasals\/wp-content\/uploads\/usu1790\/2019\/11\/20191119_115106.jpg\" alt=\"\" width=\"811\" height=\"608\" srcset=\"https:\/\/agora.xtec.cat\/ceipjoanmarquescasals\/wp-content\/uploads\/usu1790\/2019\/11\/20191119_115106.jpg 811w, https:\/\/agora.xtec.cat\/ceipjoanmarquescasals\/wp-content\/uploads\/usu1790\/2019\/11\/20191119_115106-300x225.jpg 300w, https:\/\/agora.xtec.cat\/ceipjoanmarquescasals\/wp-content\/uploads\/usu1790\/2019\/11\/20191119_115106-768x576.jpg 768w, https:\/\/agora.xtec.cat\/ceipjoanmarquescasals\/wp-content\/uploads\/usu1790\/2019\/11\/20191119_115106-200x150.jpg 200w\" sizes=\"auto, (max-width: 811px) 100vw, 811px\" \/> <img loading=\"lazy\" decoding=\"async\" class=\"alignnone size-large wp-image-2545\" src=\"https:\/\/agora.xtec.cat\/ceipjoanmarquescasals\/wp-content\/uploads\/usu1790\/2019\/11\/20191119_115115.jpg\" alt=\"\" width=\"493\" height=\"657\" srcset=\"https:\/\/agora.xtec.cat\/ceipjoanmarquescasals\/wp-content\/uploads\/usu1790\/2019\/11\/20191119_115115.jpg 493w, https:\/\/agora.xtec.cat\/ceipjoanmarquescasals\/wp-content\/uploads\/usu1790\/2019\/11\/20191119_115115-225x300.jpg 225w\" sizes=\"auto, (max-width: 493px) 100vw, 493px\" \/><\/p>\n","protected":false},"excerpt":{"rendered":"<p>Despr\u00e9s d&#8217;un inici de curs una mica diferent amb la transformaci\u00f3 digital del nostre centre, aquesta setmana hem pogut comen\u00e7ar les classes de rob\u00f2tica a sis\u00e8 curs.<\/p>\n","protected":false},"author":1,"featured_media":2540,"comment_status":"open","ping_status":"closed","sticky":false,"template":"","format":"standard","meta":{"_bbp_topic_count":0,"_bbp_reply_count":0,"_bbp_total_topic_count":0,"_bbp_total_reply_count":0,"_bbp_voice_count":0,"_bbp_anonymous_reply_count":0,"_bbp_topic_count_hidden":0,"_bbp_reply_count_hidden":0,"_bbp_forum_subforum_count":0,"footnotes":""},"categories":[233],"tags":[196,136],"class_list":["post-2538","post","type-post","status-publish","format-standard","has-post-thumbnail","hentry","category-any-2019-2020","tag-comunitat-grans","tag-robotica"],"post_mailing_queue_ids":[],"_links":{"self":[{"href":"https:\/\/agora.xtec.cat\/ceipjoanmarquescasals\/wp-json\/wp\/v2\/posts\/2538","targetHints":{"allow":["GET"]}}],"collection":[{"href":"https:\/\/agora.xtec.cat\/ceipjoanmarquescasals\/wp-json\/wp\/v2\/posts"}],"about":[{"href":"https:\/\/agora.xtec.cat\/ceipjoanmarquescasals\/wp-json\/wp\/v2\/types\/post"}],"author":[{"embeddable":true,"href":"https:\/\/agora.xtec.cat\/ceipjoanmarquescasals\/wp-json\/wp\/v2\/users\/1"}],"replies":[{"embeddable":true,"href":"https:\/\/agora.xtec.cat\/ceipjoanmarquescasals\/wp-json\/wp\/v2\/comments?post=2538"}],"version-history":[{"count":1,"href":"https:\/\/agora.xtec.cat\/ceipjoanmarquescasals\/wp-json\/wp\/v2\/posts\/2538\/revisions"}],"predecessor-version":[{"id":2546,"href":"https:\/\/agora.xtec.cat\/ceipjoanmarquescasals\/wp-json\/wp\/v2\/posts\/2538\/revisions\/2546"}],"wp:featuredmedia":[{"embeddable":true,"href":"https:\/\/agora.xtec.cat\/ceipjoanmarquescasals\/wp-json\/wp\/v2\/media\/2540"}],"wp:attachment":[{"href":"https:\/\/agora.xtec.cat\/ceipjoanmarquescasals\/wp-json\/wp\/v2\/media?parent=2538"}],"wp:term":[{"taxonomy":"category","embeddable":true,"href":"https:\/\/agora.xtec.cat\/ceipjoanmarquescasals\/wp-json\/wp\/v2\/categories?post=2538"},{"taxonomy":"post_tag","embeddable":true,"href":"https:\/\/agora.xtec.cat\/ceipjoanmarquescasals\/wp-json\/wp\/v2\/tags?post=2538"}],"curies":[{"name":"wp","href":"https:\/\/api.w.org\/{rel}","templated":true}]}}