{"id":2506,"date":"2019-11-05T13:58:15","date_gmt":"2019-11-05T12:58:15","guid":{"rendered":"http:\/\/agora.xtec.cat\/ceipjoanmarquescasals\/?p=2506"},"modified":"2020-11-13T15:52:30","modified_gmt":"2020-11-13T14:52:30","slug":"missatges-danims-per-als-alumnes-de-cinque","status":"publish","type":"post","link":"https:\/\/agora.xtec.cat\/ceipjoanmarquescasals\/any-2019-2020\/missatges-danims-per-als-alumnes-de-cinque\/","title":{"rendered":"Missatges d&#8217;\u00e0nims per als alumnes de Cinqu\u00e8"},"content":{"rendered":"<p>Els pares i mares dels alumnes de Cinqu\u00e8 han realitzat una s\u00e8rie de missatges per als seus fills i filles d&#8217;aquest curs, donant suport als seus nens i nenes en aquesta nova etapa de la seva escolaritzaci\u00f3<img loading=\"lazy\" decoding=\"async\" class=\"alignnone size-full wp-image-2507\" src=\"https:\/\/agora.xtec.cat\/ceipjoanmarquescasals\/wp-content\/uploads\/usu1790\/2019\/11\/20191105_131351_opt.jpg\" alt=\"\" width=\"366\" height=\"488\" srcset=\"https:\/\/agora.xtec.cat\/ceipjoanmarquescasals\/wp-content\/uploads\/usu1790\/2019\/11\/20191105_131351_opt.jpg 366w, https:\/\/agora.xtec.cat\/ceipjoanmarquescasals\/wp-content\/uploads\/usu1790\/2019\/11\/20191105_131351_opt-225x300.jpg 225w\" sizes=\"auto, (max-width: 366px) 100vw, 366px\" \/> <img loading=\"lazy\" decoding=\"async\" class=\"alignnone size-full wp-image-2508\" src=\"https:\/\/agora.xtec.cat\/ceipjoanmarquescasals\/wp-content\/uploads\/usu1790\/2019\/11\/20191105_131348_opt.jpg\" alt=\"\" width=\"366\" height=\"488\" srcset=\"https:\/\/agora.xtec.cat\/ceipjoanmarquescasals\/wp-content\/uploads\/usu1790\/2019\/11\/20191105_131348_opt.jpg 366w, https:\/\/agora.xtec.cat\/ceipjoanmarquescasals\/wp-content\/uploads\/usu1790\/2019\/11\/20191105_131348_opt-225x300.jpg 225w\" sizes=\"auto, (max-width: 366px) 100vw, 366px\" \/><\/p>\n","protected":false},"excerpt":{"rendered":"<p>Els pares i mares dels alumnes de Cinqu\u00e8 han realitzat una s\u00e8rie de missatges per als seus fills i filles d&#8217;aquest curs, donant suport als seus nens i nenes en aquesta nova etapa de la seva escolaritzaci\u00f3 <\/p>\n","protected":false},"author":1,"featured_media":2507,"comment_status":"open","ping_status":"closed","sticky":false,"template":"","format":"standard","meta":{"_bbp_topic_count":0,"_bbp_reply_count":0,"_bbp_total_topic_count":0,"_bbp_total_reply_count":0,"_bbp_voice_count":0,"_bbp_anonymous_reply_count":0,"_bbp_topic_count_hidden":0,"_bbp_reply_count_hidden":0,"_bbp_forum_subforum_count":0,"footnotes":""},"categories":[233],"tags":[196,138,103],"class_list":["post-2506","post","type-post","status-publish","format-standard","has-post-thumbnail","hentry","category-any-2019-2020","tag-comunitat-grans","tag-familia","tag-primaria"],"post_mailing_queue_ids":[],"_links":{"self":[{"href":"https:\/\/agora.xtec.cat\/ceipjoanmarquescasals\/wp-json\/wp\/v2\/posts\/2506","targetHints":{"allow":["GET"]}}],"collection":[{"href":"https:\/\/agora.xtec.cat\/ceipjoanmarquescasals\/wp-json\/wp\/v2\/posts"}],"about":[{"href":"https:\/\/agora.xtec.cat\/ceipjoanmarquescasals\/wp-json\/wp\/v2\/types\/post"}],"author":[{"embeddable":true,"href":"https:\/\/agora.xtec.cat\/ceipjoanmarquescasals\/wp-json\/wp\/v2\/users\/1"}],"replies":[{"embeddable":true,"href":"https:\/\/agora.xtec.cat\/ceipjoanmarquescasals\/wp-json\/wp\/v2\/comments?post=2506"}],"version-history":[{"count":1,"href":"https:\/\/agora.xtec.cat\/ceipjoanmarquescasals\/wp-json\/wp\/v2\/posts\/2506\/revisions"}],"predecessor-version":[{"id":2509,"href":"https:\/\/agora.xtec.cat\/ceipjoanmarquescasals\/wp-json\/wp\/v2\/posts\/2506\/revisions\/2509"}],"wp:featuredmedia":[{"embeddable":true,"href":"https:\/\/agora.xtec.cat\/ceipjoanmarquescasals\/wp-json\/wp\/v2\/media\/2507"}],"wp:attachment":[{"href":"https:\/\/agora.xtec.cat\/ceipjoanmarquescasals\/wp-json\/wp\/v2\/media?parent=2506"}],"wp:term":[{"taxonomy":"category","embeddable":true,"href":"https:\/\/agora.xtec.cat\/ceipjoanmarquescasals\/wp-json\/wp\/v2\/categories?post=2506"},{"taxonomy":"post_tag","embeddable":true,"href":"https:\/\/agora.xtec.cat\/ceipjoanmarquescasals\/wp-json\/wp\/v2\/tags?post=2506"}],"curies":[{"name":"wp","href":"https:\/\/api.w.org\/{rel}","templated":true}]}}