{"id":2474,"date":"2019-10-31T13:08:34","date_gmt":"2019-10-31T12:08:34","guid":{"rendered":"http:\/\/agora.xtec.cat\/ceipjoanmarquescasals\/?p=2474"},"modified":"2020-11-13T15:54:02","modified_gmt":"2020-11-13T14:54:02","slug":"les-nenes-i-els-nens-de-quart-visiten-lexposicio-expressions","status":"publish","type":"post","link":"https:\/\/agora.xtec.cat\/ceipjoanmarquescasals\/any-2019-2020\/les-nenes-i-els-nens-de-quart-visiten-lexposicio-expressions\/","title":{"rendered":"Les nenes i els nens de quart visiten l&#8217;exposici\u00f3 &#8220;Expressions&#8221;"},"content":{"rendered":"<p>Hola fam\u00edlies. Ahir, les nenes i els nens de quart vam anar a fer una visita al Centre Cultural de Terrassa. Vam gaudir de l\u2019exposici\u00f3 <em>Expressions, <\/em>de l\u2019artista terrassenca Carmen Valverde.<\/p>\n<p>Despr\u00e9s d&#8217;haver treballat la visita a les aules i de con\u00e8ixer una mica l&#8217;obra d&#8217;aquesta artista, vam poder veure les seves pintures a la sala d&#8217;exposicions. Amb l&#8217;ajuda de dues guies vam observar i interpretar els seus quadres per despr\u00e9s aplicar tot all\u00f2 apr\u00e8s a la nostra pr\u00f2pia obra d&#8217;art.<\/p>\n<p>L&#8217;exposici\u00f3 est\u00e0 formada per divuit retrats de divuit dones terrassenques de totes les edats i totes les condicions, i representa un bon exemple d\u2019art feminista. L\u2019exposici\u00f3 forma part d\u2019un projecte art\u00edstic m\u00e9s gran que combina diverses disciplines art\u00edstiques: fotografia, pintura, cinema i literatura. Teniu temps de visitar l&#8217;exposici\u00f3 fins el proper dia 14 de novembre. Els vostres fills i filles us podran fer de guies!!!!!!!!!!<\/p>\n<p>&nbsp;<\/p>\n<p><a href=\"https:\/\/agora.xtec.cat\/ceipjoanmarquescasals\/wp-content\/uploads\/usu1790\/2019\/10\/exp-1_3101x2326.jpg\"><img loading=\"lazy\" decoding=\"async\" class=\"alignnone size-large wp-image-2476\" src=\"https:\/\/agora.xtec.cat\/ceipjoanmarquescasals\/wp-content\/uploads\/usu1790\/2019\/10\/exp-1_3101x2326-1024x768.jpg\" alt=\"\" width=\"1024\" height=\"768\" srcset=\"https:\/\/agora.xtec.cat\/ceipjoanmarquescasals\/wp-content\/uploads\/usu1790\/2019\/10\/exp-1_3101x2326-1024x768.jpg 1024w, https:\/\/agora.xtec.cat\/ceipjoanmarquescasals\/wp-content\/uploads\/usu1790\/2019\/10\/exp-1_3101x2326-300x225.jpg 300w, https:\/\/agora.xtec.cat\/ceipjoanmarquescasals\/wp-content\/uploads\/usu1790\/2019\/10\/exp-1_3101x2326-768x576.jpg 768w, https:\/\/agora.xtec.cat\/ceipjoanmarquescasals\/wp-content\/uploads\/usu1790\/2019\/10\/exp-1_3101x2326-200x150.jpg 200w\" sizes=\"auto, (max-width: 1024px) 100vw, 1024px\" \/><\/a> <a href=\"https:\/\/agora.xtec.cat\/ceipjoanmarquescasals\/wp-content\/uploads\/usu1790\/2019\/10\/exp-2_3101x2326.jpg\"><img loading=\"lazy\" decoding=\"async\" class=\"alignnone size-large wp-image-2477\" src=\"https:\/\/agora.xtec.cat\/ceipjoanmarquescasals\/wp-content\/uploads\/usu1790\/2019\/10\/exp-2_3101x2326-1024x768.jpg\" alt=\"\" width=\"1024\" height=\"768\" srcset=\"https:\/\/agora.xtec.cat\/ceipjoanmarquescasals\/wp-content\/uploads\/usu1790\/2019\/10\/exp-2_3101x2326-1024x768.jpg 1024w, https:\/\/agora.xtec.cat\/ceipjoanmarquescasals\/wp-content\/uploads\/usu1790\/2019\/10\/exp-2_3101x2326-300x225.jpg 300w, https:\/\/agora.xtec.cat\/ceipjoanmarquescasals\/wp-content\/uploads\/usu1790\/2019\/10\/exp-2_3101x2326-768x576.jpg 768w, https:\/\/agora.xtec.cat\/ceipjoanmarquescasals\/wp-content\/uploads\/usu1790\/2019\/10\/exp-2_3101x2326-200x150.jpg 200w\" sizes=\"auto, (max-width: 1024px) 100vw, 1024px\" \/><\/a> <a href=\"https:\/\/agora.xtec.cat\/ceipjoanmarquescasals\/wp-content\/uploads\/usu1790\/2019\/10\/exp-3_3101x2326.jpg\"><img loading=\"lazy\" decoding=\"async\" class=\"alignnone size-large wp-image-2478\" src=\"https:\/\/agora.xtec.cat\/ceipjoanmarquescasals\/wp-content\/uploads\/usu1790\/2019\/10\/exp-3_3101x2326-1024x768.jpg\" alt=\"\" width=\"1024\" height=\"768\" srcset=\"https:\/\/agora.xtec.cat\/ceipjoanmarquescasals\/wp-content\/uploads\/usu1790\/2019\/10\/exp-3_3101x2326-1024x768.jpg 1024w, https:\/\/agora.xtec.cat\/ceipjoanmarquescasals\/wp-content\/uploads\/usu1790\/2019\/10\/exp-3_3101x2326-300x225.jpg 300w, https:\/\/agora.xtec.cat\/ceipjoanmarquescasals\/wp-content\/uploads\/usu1790\/2019\/10\/exp-3_3101x2326-768x576.jpg 768w, https:\/\/agora.xtec.cat\/ceipjoanmarquescasals\/wp-content\/uploads\/usu1790\/2019\/10\/exp-3_3101x2326-200x150.jpg 200w\" sizes=\"auto, (max-width: 1024px) 100vw, 1024px\" \/><\/a> <a href=\"https:\/\/agora.xtec.cat\/ceipjoanmarquescasals\/wp-content\/uploads\/usu1790\/2019\/10\/exp-4_3101x2326.jpg\"><img loading=\"lazy\" decoding=\"async\" class=\"alignnone size-large wp-image-2479\" src=\"https:\/\/agora.xtec.cat\/ceipjoanmarquescasals\/wp-content\/uploads\/usu1790\/2019\/10\/exp-4_3101x2326-1024x768.jpg\" alt=\"\" width=\"1024\" height=\"768\" srcset=\"https:\/\/agora.xtec.cat\/ceipjoanmarquescasals\/wp-content\/uploads\/usu1790\/2019\/10\/exp-4_3101x2326-1024x768.jpg 1024w, https:\/\/agora.xtec.cat\/ceipjoanmarquescasals\/wp-content\/uploads\/usu1790\/2019\/10\/exp-4_3101x2326-300x225.jpg 300w, https:\/\/agora.xtec.cat\/ceipjoanmarquescasals\/wp-content\/uploads\/usu1790\/2019\/10\/exp-4_3101x2326-768x576.jpg 768w, https:\/\/agora.xtec.cat\/ceipjoanmarquescasals\/wp-content\/uploads\/usu1790\/2019\/10\/exp-4_3101x2326-200x150.jpg 200w\" sizes=\"auto, (max-width: 1024px) 100vw, 1024px\" \/><\/a> <a href=\"https:\/\/agora.xtec.cat\/ceipjoanmarquescasals\/wp-content\/uploads\/usu1790\/2019\/10\/exp-5_2326x3101.jpg\"><img loading=\"lazy\" decoding=\"async\" class=\"alignnone size-large wp-image-2480\" src=\"https:\/\/agora.xtec.cat\/ceipjoanmarquescasals\/wp-content\/uploads\/usu1790\/2019\/10\/exp-5_2326x3101-768x1024.jpg\" alt=\"\" width=\"768\" height=\"1024\" srcset=\"https:\/\/agora.xtec.cat\/ceipjoanmarquescasals\/wp-content\/uploads\/usu1790\/2019\/10\/exp-5_2326x3101-768x1024.jpg 768w, https:\/\/agora.xtec.cat\/ceipjoanmarquescasals\/wp-content\/uploads\/usu1790\/2019\/10\/exp-5_2326x3101-225x300.jpg 225w\" sizes=\"auto, (max-width: 768px) 100vw, 768px\" \/><\/a> <a href=\"https:\/\/agora.xtec.cat\/ceipjoanmarquescasals\/wp-content\/uploads\/usu1790\/2019\/10\/exp-6_2326x3101.jpg\"><img loading=\"lazy\" decoding=\"async\" class=\"alignnone size-large wp-image-2481\" src=\"https:\/\/agora.xtec.cat\/ceipjoanmarquescasals\/wp-content\/uploads\/usu1790\/2019\/10\/exp-6_2326x3101-768x1024.jpg\" alt=\"\" width=\"768\" height=\"1024\" srcset=\"https:\/\/agora.xtec.cat\/ceipjoanmarquescasals\/wp-content\/uploads\/usu1790\/2019\/10\/exp-6_2326x3101-768x1024.jpg 768w, https:\/\/agora.xtec.cat\/ceipjoanmarquescasals\/wp-content\/uploads\/usu1790\/2019\/10\/exp-6_2326x3101-225x300.jpg 225w\" sizes=\"auto, (max-width: 768px) 100vw, 768px\" \/><\/a><a href=\"https:\/\/agora.xtec.cat\/ceipjoanmarquescasals\/wp-content\/uploads\/usu1790\/2019\/10\/cq5dam.web_.1280.1280.jpeg\"><img loading=\"lazy\" decoding=\"async\" class=\"wp-image-2475 aligncenter\" src=\"https:\/\/agora.xtec.cat\/ceipjoanmarquescasals\/wp-content\/uploads\/usu1790\/2019\/10\/cq5dam.web_.1280.1280.jpeg\" alt=\"\" width=\"372\" height=\"289\" srcset=\"https:\/\/agora.xtec.cat\/ceipjoanmarquescasals\/wp-content\/uploads\/usu1790\/2019\/10\/cq5dam.web_.1280.1280.jpeg 457w, https:\/\/agora.xtec.cat\/ceipjoanmarquescasals\/wp-content\/uploads\/usu1790\/2019\/10\/cq5dam.web_.1280.1280-300x233.jpeg 300w\" sizes=\"auto, (max-width: 372px) 100vw, 372px\" \/><\/a><\/p>\n","protected":false},"excerpt":{"rendered":"<p>Hola fam\u00edlies. Ahir, les nenes i els nens de quart vam anar a fer una visita al Centre Cultural de Terrassa. Vam gaudir de l\u2019exposici\u00f3 Expressions, de l\u2019artista terrassenca Carmen Valverde.<br \/>\nDespr\u00e9s d&#8217;haver treballat la visita a les aules i de con\u00e8ixer una mica l&#8217;obra d&#8217;aquesta&hellip;  <a href=\"https:\/\/agora.xtec.cat\/ceipjoanmarquescasals\/any-2019-2020\/les-nenes-i-els-nens-de-quart-visiten-lexposicio-expressions\/\" title=\"Read Les nenes i els nens de quart visiten l&#8217;exposici\u00f3 &#8220;Expressions&#8221;\">Llegeix m\u00e9s\u00bb<\/a><\/p>\n","protected":false},"author":35,"featured_media":2478,"comment_status":"open","ping_status":"closed","sticky":false,"template":"","format":"standard","meta":{"_bbp_topic_count":0,"_bbp_reply_count":0,"_bbp_total_topic_count":0,"_bbp_total_reply_count":0,"_bbp_voice_count":0,"_bbp_anonymous_reply_count":0,"_bbp_topic_count_hidden":0,"_bbp_reply_count_hidden":0,"_bbp_forum_subforum_count":0,"footnotes":""},"categories":[233],"tags":[],"class_list":["post-2474","post","type-post","status-publish","format-standard","has-post-thumbnail","hentry","category-any-2019-2020"],"post_mailing_queue_ids":[],"_links":{"self":[{"href":"https:\/\/agora.xtec.cat\/ceipjoanmarquescasals\/wp-json\/wp\/v2\/posts\/2474","targetHints":{"allow":["GET"]}}],"collection":[{"href":"https:\/\/agora.xtec.cat\/ceipjoanmarquescasals\/wp-json\/wp\/v2\/posts"}],"about":[{"href":"https:\/\/agora.xtec.cat\/ceipjoanmarquescasals\/wp-json\/wp\/v2\/types\/post"}],"author":[{"embeddable":true,"href":"https:\/\/agora.xtec.cat\/ceipjoanmarquescasals\/wp-json\/wp\/v2\/users\/35"}],"replies":[{"embeddable":true,"href":"https:\/\/agora.xtec.cat\/ceipjoanmarquescasals\/wp-json\/wp\/v2\/comments?post=2474"}],"version-history":[{"count":1,"href":"https:\/\/agora.xtec.cat\/ceipjoanmarquescasals\/wp-json\/wp\/v2\/posts\/2474\/revisions"}],"predecessor-version":[{"id":2482,"href":"https:\/\/agora.xtec.cat\/ceipjoanmarquescasals\/wp-json\/wp\/v2\/posts\/2474\/revisions\/2482"}],"wp:featuredmedia":[{"embeddable":true,"href":"https:\/\/agora.xtec.cat\/ceipjoanmarquescasals\/wp-json\/wp\/v2\/media\/2478"}],"wp:attachment":[{"href":"https:\/\/agora.xtec.cat\/ceipjoanmarquescasals\/wp-json\/wp\/v2\/media?parent=2474"}],"wp:term":[{"taxonomy":"category","embeddable":true,"href":"https:\/\/agora.xtec.cat\/ceipjoanmarquescasals\/wp-json\/wp\/v2\/categories?post=2474"},{"taxonomy":"post_tag","embeddable":true,"href":"https:\/\/agora.xtec.cat\/ceipjoanmarquescasals\/wp-json\/wp\/v2\/tags?post=2474"}],"curies":[{"name":"wp","href":"https:\/\/api.w.org\/{rel}","templated":true}]}}