{"id":2387,"date":"2019-10-07T22:42:41","date_gmt":"2019-10-07T20:42:41","guid":{"rendered":"http:\/\/agora.xtec.cat\/ceipjoanmarquescasals\/?p=2387"},"modified":"2020-11-13T15:57:02","modified_gmt":"2020-11-13T14:57:02","slug":"racons-matematics-a-quart","status":"publish","type":"post","link":"https:\/\/agora.xtec.cat\/ceipjoanmarquescasals\/any-2019-2020\/racons-matematics-a-quart\/","title":{"rendered":"Racons matem\u00e0tics a quart!"},"content":{"rendered":"<p>Hola fam\u00edlies. Avui hem comen\u00e7at els racons matem\u00e0tics a quart.<\/p>\n<p>Aquest trimestre farem cinc racons relacionats amb la mesura, les fraccions i el temps, la numeraci\u00f3 i els euros, el raonament i la construcci\u00f3 i el c\u00e0lcul escrit i mental.<\/p>\n<p>Ens agrada molt fer racons i aprendre mentre investiguem i ens ho passem PIPA!!!!!<\/p>\n<p><a href=\"https:\/\/agora.xtec.cat\/ceipjoanmarquescasals\/wp-content\/uploads\/usu1790\/2019\/10\/IMG_20191007_193212_2326x3101.jpg\"><img loading=\"lazy\" decoding=\"async\" class=\"alignnone size-large wp-image-2388\" src=\"https:\/\/agora.xtec.cat\/ceipjoanmarquescasals\/wp-content\/uploads\/usu1790\/2019\/10\/IMG_20191007_193212_2326x3101-768x1024.jpg\" alt=\"\" width=\"768\" height=\"1024\" srcset=\"https:\/\/agora.xtec.cat\/ceipjoanmarquescasals\/wp-content\/uploads\/usu1790\/2019\/10\/IMG_20191007_193212_2326x3101-768x1024.jpg 768w, https:\/\/agora.xtec.cat\/ceipjoanmarquescasals\/wp-content\/uploads\/usu1790\/2019\/10\/IMG_20191007_193212_2326x3101-225x300.jpg 225w\" sizes=\"auto, (max-width: 768px) 100vw, 768px\" \/><\/a> <a href=\"https:\/\/agora.xtec.cat\/ceipjoanmarquescasals\/wp-content\/uploads\/usu1790\/2019\/10\/IMG_20191007_193235_3101x2326.jpg\"><img loading=\"lazy\" decoding=\"async\" class=\"alignnone size-large wp-image-2389\" src=\"https:\/\/agora.xtec.cat\/ceipjoanmarquescasals\/wp-content\/uploads\/usu1790\/2019\/10\/IMG_20191007_193235_3101x2326-1024x768.jpg\" alt=\"\" width=\"1024\" height=\"768\" srcset=\"https:\/\/agora.xtec.cat\/ceipjoanmarquescasals\/wp-content\/uploads\/usu1790\/2019\/10\/IMG_20191007_193235_3101x2326-1024x768.jpg 1024w, https:\/\/agora.xtec.cat\/ceipjoanmarquescasals\/wp-content\/uploads\/usu1790\/2019\/10\/IMG_20191007_193235_3101x2326-300x225.jpg 300w, https:\/\/agora.xtec.cat\/ceipjoanmarquescasals\/wp-content\/uploads\/usu1790\/2019\/10\/IMG_20191007_193235_3101x2326-768x576.jpg 768w, https:\/\/agora.xtec.cat\/ceipjoanmarquescasals\/wp-content\/uploads\/usu1790\/2019\/10\/IMG_20191007_193235_3101x2326-200x150.jpg 200w\" sizes=\"auto, (max-width: 1024px) 100vw, 1024px\" \/><\/a><\/p>\n","protected":false},"excerpt":{"rendered":"<p>Hola fam\u00edlies. Avui hem comen\u00e7at els racons matem\u00e0tics a quart.<br \/>\nAquest trimestre farem cinc racons relacionats amb la mesura, les fraccions i el temps, la numeraci\u00f3 i els euros, el raonament i la construcci\u00f3 i el c\u00e0lcul escrit i mental.<br \/>\nEns agrada molt fer racons i aprendre&hellip;  <a href=\"https:\/\/agora.xtec.cat\/ceipjoanmarquescasals\/any-2019-2020\/racons-matematics-a-quart\/\" title=\"Read Racons matem\u00e0tics a quart!\">Llegeix m\u00e9s\u00bb<\/a><\/p>\n","protected":false},"author":35,"featured_media":2388,"comment_status":"open","ping_status":"closed","sticky":false,"template":"","format":"standard","meta":{"_bbp_topic_count":0,"_bbp_reply_count":0,"_bbp_total_topic_count":0,"_bbp_total_reply_count":0,"_bbp_voice_count":0,"_bbp_anonymous_reply_count":0,"_bbp_topic_count_hidden":0,"_bbp_reply_count_hidden":0,"_bbp_forum_subforum_count":0,"footnotes":""},"categories":[233],"tags":[190,191,167],"class_list":["post-2387","post","type-post","status-publish","format-standard","has-post-thumbnail","hentry","category-any-2019-2020","tag-matematiques","tag-quart","tag-racons"],"post_mailing_queue_ids":[],"_links":{"self":[{"href":"https:\/\/agora.xtec.cat\/ceipjoanmarquescasals\/wp-json\/wp\/v2\/posts\/2387","targetHints":{"allow":["GET"]}}],"collection":[{"href":"https:\/\/agora.xtec.cat\/ceipjoanmarquescasals\/wp-json\/wp\/v2\/posts"}],"about":[{"href":"https:\/\/agora.xtec.cat\/ceipjoanmarquescasals\/wp-json\/wp\/v2\/types\/post"}],"author":[{"embeddable":true,"href":"https:\/\/agora.xtec.cat\/ceipjoanmarquescasals\/wp-json\/wp\/v2\/users\/35"}],"replies":[{"embeddable":true,"href":"https:\/\/agora.xtec.cat\/ceipjoanmarquescasals\/wp-json\/wp\/v2\/comments?post=2387"}],"version-history":[{"count":1,"href":"https:\/\/agora.xtec.cat\/ceipjoanmarquescasals\/wp-json\/wp\/v2\/posts\/2387\/revisions"}],"predecessor-version":[{"id":2390,"href":"https:\/\/agora.xtec.cat\/ceipjoanmarquescasals\/wp-json\/wp\/v2\/posts\/2387\/revisions\/2390"}],"wp:featuredmedia":[{"embeddable":true,"href":"https:\/\/agora.xtec.cat\/ceipjoanmarquescasals\/wp-json\/wp\/v2\/media\/2388"}],"wp:attachment":[{"href":"https:\/\/agora.xtec.cat\/ceipjoanmarquescasals\/wp-json\/wp\/v2\/media?parent=2387"}],"wp:term":[{"taxonomy":"category","embeddable":true,"href":"https:\/\/agora.xtec.cat\/ceipjoanmarquescasals\/wp-json\/wp\/v2\/categories?post=2387"},{"taxonomy":"post_tag","embeddable":true,"href":"https:\/\/agora.xtec.cat\/ceipjoanmarquescasals\/wp-json\/wp\/v2\/tags?post=2387"}],"curies":[{"name":"wp","href":"https:\/\/api.w.org\/{rel}","templated":true}]}}