{"id":2278,"date":"2019-09-30T16:11:32","date_gmt":"2019-09-30T14:11:32","guid":{"rendered":"http:\/\/agora.xtec.cat\/ceipjoanmarquescasals\/?p=2278"},"modified":"2020-11-13T15:58:33","modified_gmt":"2020-11-13T14:58:33","slug":"fas-6-an-ys-tria-un-llibre","status":"publish","type":"post","link":"https:\/\/agora.xtec.cat\/ceipjoanmarquescasals\/any-2019-2020\/fas-6-an-ys-tria-un-llibre\/","title":{"rendered":"Fas 6 anys. Tria un llibre."},"content":{"rendered":"<p><a href=\"http:\/\/icec.gencat.cat\/ca\/campanyes\/fas-6-anys\/index.html\">http:\/\/icec.gencat.cat\/ca\/campanyes\/fas-6-anys\/index.html<\/a><\/p>\n<h2><strong><u>La campanya \u2018Fas 6 anys. Tria un llibre\u2019 vol estimular els h\u00e0bits de lectura dels infants de 6 anys<\/u><\/strong><\/h2>\n<h4><strong>T\u00e9 com a objectius que els nens i les nenes descobreixin les llibreries amb un adult, i que aprenguin a donar valor al llibre.<\/strong><\/h4>\n<p>Si els vostres fills aquest 2019 han fet o faran 6 anys, rebran a casa una targeta que els convidar\u00e0 a anar a la llibreria m\u00e9s propera. All\u00e0 podran bescanviar la targeta pel llibre infantil que m\u00e9s els agradi i per un import de fins a 13\u20ac. En cas que l\u2019import del llibre sigui superior, la difer\u00e8ncia haur\u00e0 de ser abonada per l\u2019adult que l\u2019acompanyi.<\/p>\n<p>Aquesta campanya arribar\u00e0 a <strong>74.488<\/strong> nens i nenes de Catalunya que podran anar a <strong>328<\/strong> llibreries de tot el territori.<\/p>\n","protected":false},"excerpt":{"rendered":"<p><a href=\"http:\/\/icec.gencat.cat\/ca\/campanyes\/fas-6-anys\/index.html\">http:\/\/icec.gencat.cat\/ca\/campanyes\/fas-6-anys\/index.html<\/a><br \/>\nLa campanya \u2018Fas 6 anys. Tria un llibre\u2019 vol estimular els h\u00e0bits de lectura dels infants de 6 anys<br \/>\nT\u00e9 com a objectius que els nens i les nenes descobreixin les llibreries amb un adult, i que aprenguin a donar valor al llibre.<br \/>\nSi els vostres&hellip;  <a href=\"https:\/\/agora.xtec.cat\/ceipjoanmarquescasals\/any-2019-2020\/fas-6-an-ys-tria-un-llibre\/\" title=\"Read Fas 6 anys. Tria un llibre.\">Llegeix m\u00e9s\u00bb<\/a><\/p>\n","protected":false},"author":1,"featured_media":0,"comment_status":"open","ping_status":"closed","sticky":false,"template":"","format":"standard","meta":{"_bbp_topic_count":0,"_bbp_reply_count":0,"_bbp_total_topic_count":0,"_bbp_total_reply_count":0,"_bbp_voice_count":0,"_bbp_anonymous_reply_count":0,"_bbp_topic_count_hidden":0,"_bbp_reply_count_hidden":0,"_bbp_forum_subforum_count":0,"footnotes":""},"categories":[233],"tags":[],"class_list":["post-2278","post","type-post","status-publish","format-standard","hentry","category-any-2019-2020"],"post_mailing_queue_ids":[],"_links":{"self":[{"href":"https:\/\/agora.xtec.cat\/ceipjoanmarquescasals\/wp-json\/wp\/v2\/posts\/2278","targetHints":{"allow":["GET"]}}],"collection":[{"href":"https:\/\/agora.xtec.cat\/ceipjoanmarquescasals\/wp-json\/wp\/v2\/posts"}],"about":[{"href":"https:\/\/agora.xtec.cat\/ceipjoanmarquescasals\/wp-json\/wp\/v2\/types\/post"}],"author":[{"embeddable":true,"href":"https:\/\/agora.xtec.cat\/ceipjoanmarquescasals\/wp-json\/wp\/v2\/users\/1"}],"replies":[{"embeddable":true,"href":"https:\/\/agora.xtec.cat\/ceipjoanmarquescasals\/wp-json\/wp\/v2\/comments?post=2278"}],"version-history":[{"count":2,"href":"https:\/\/agora.xtec.cat\/ceipjoanmarquescasals\/wp-json\/wp\/v2\/posts\/2278\/revisions"}],"predecessor-version":[{"id":2280,"href":"https:\/\/agora.xtec.cat\/ceipjoanmarquescasals\/wp-json\/wp\/v2\/posts\/2278\/revisions\/2280"}],"wp:attachment":[{"href":"https:\/\/agora.xtec.cat\/ceipjoanmarquescasals\/wp-json\/wp\/v2\/media?parent=2278"}],"wp:term":[{"taxonomy":"category","embeddable":true,"href":"https:\/\/agora.xtec.cat\/ceipjoanmarquescasals\/wp-json\/wp\/v2\/categories?post=2278"},{"taxonomy":"post_tag","embeddable":true,"href":"https:\/\/agora.xtec.cat\/ceipjoanmarquescasals\/wp-json\/wp\/v2\/tags?post=2278"}],"curies":[{"name":"wp","href":"https:\/\/api.w.org\/{rel}","templated":true}]}}