{"id":2207,"date":"2019-06-24T17:55:56","date_gmt":"2019-06-24T15:55:56","guid":{"rendered":"http:\/\/agora.xtec.cat\/ceipjoanmarquescasals\/?p=2207"},"modified":"2019-09-30T13:45:50","modified_gmt":"2019-09-30T11:45:50","slug":"agraiment-a-les-families","status":"publish","type":"post","link":"https:\/\/agora.xtec.cat\/ceipjoanmarquescasals\/any-2018-2019\/agraiment-a-les-families\/","title":{"rendered":"Agra\u00efment a les fam\u00edlies"},"content":{"rendered":"<p>Volem donar les gr\u00e0cies a tots els pares i mares que van ajudar a la festa de fi de curs &#8221; Aiguadiver&#8221;. Els nens i nenes de l\u00b4escola s\u00b4ho van passar d\u00b4all\u00f2 m\u00e9s b\u00e9! En breu penjarem les fotos de la festa.<\/p>\n<p>Molt\u00edssimes gr\u00e0cies a tots !!!!!<\/p>\n<p>Ens veiem el dia 26 en l\u00b4entrega de notes de tots els alumnes, exceptuant els alumnes de 4t B que seran el 27\u00a0 de juny!<\/p>\n<p>&nbsp;<\/p>\n","protected":false},"excerpt":{"rendered":"<p>Volem donar les gr\u00e0cies a tots els pares i mares que van ajudar a la festa de fi de curs &#8221; Aiguadiver&#8221;. Els nens i nenes de l\u00b4escola s\u00b4ho van passar d\u00b4all\u00f2 m\u00e9s b\u00e9! En breu penjarem les fotos de la festa.<br \/>\nMolt\u00edssimes gr\u00e0cies a tots&hellip;  <a href=\"https:\/\/agora.xtec.cat\/ceipjoanmarquescasals\/any-2018-2019\/agraiment-a-les-families\/\" title=\"Read Agra\u00efment a les fam\u00edlies\">Llegeix m\u00e9s\u00bb<\/a><\/p>\n","protected":false},"author":1,"featured_media":0,"comment_status":"open","ping_status":"closed","sticky":false,"template":"","format":"standard","meta":{"_bbp_topic_count":0,"_bbp_reply_count":0,"_bbp_total_topic_count":0,"_bbp_total_reply_count":0,"_bbp_voice_count":0,"_bbp_anonymous_reply_count":0,"_bbp_topic_count_hidden":0,"_bbp_reply_count_hidden":0,"_bbp_forum_subforum_count":0,"footnotes":""},"categories":[188],"tags":[],"class_list":["post-2207","post","type-post","status-publish","format-standard","hentry","category-any-2018-2019"],"post_mailing_queue_ids":[],"_links":{"self":[{"href":"https:\/\/agora.xtec.cat\/ceipjoanmarquescasals\/wp-json\/wp\/v2\/posts\/2207","targetHints":{"allow":["GET"]}}],"collection":[{"href":"https:\/\/agora.xtec.cat\/ceipjoanmarquescasals\/wp-json\/wp\/v2\/posts"}],"about":[{"href":"https:\/\/agora.xtec.cat\/ceipjoanmarquescasals\/wp-json\/wp\/v2\/types\/post"}],"author":[{"embeddable":true,"href":"https:\/\/agora.xtec.cat\/ceipjoanmarquescasals\/wp-json\/wp\/v2\/users\/1"}],"replies":[{"embeddable":true,"href":"https:\/\/agora.xtec.cat\/ceipjoanmarquescasals\/wp-json\/wp\/v2\/comments?post=2207"}],"version-history":[{"count":1,"href":"https:\/\/agora.xtec.cat\/ceipjoanmarquescasals\/wp-json\/wp\/v2\/posts\/2207\/revisions"}],"predecessor-version":[{"id":2208,"href":"https:\/\/agora.xtec.cat\/ceipjoanmarquescasals\/wp-json\/wp\/v2\/posts\/2207\/revisions\/2208"}],"wp:attachment":[{"href":"https:\/\/agora.xtec.cat\/ceipjoanmarquescasals\/wp-json\/wp\/v2\/media?parent=2207"}],"wp:term":[{"taxonomy":"category","embeddable":true,"href":"https:\/\/agora.xtec.cat\/ceipjoanmarquescasals\/wp-json\/wp\/v2\/categories?post=2207"},{"taxonomy":"post_tag","embeddable":true,"href":"https:\/\/agora.xtec.cat\/ceipjoanmarquescasals\/wp-json\/wp\/v2\/tags?post=2207"}],"curies":[{"name":"wp","href":"https:\/\/api.w.org\/{rel}","templated":true}]}}