{"id":2151,"date":"2019-06-06T18:50:52","date_gmt":"2019-06-06T16:50:52","guid":{"rendered":"http:\/\/agora.xtec.cat\/ceipjoanmarquescasals\/?p=2151"},"modified":"2019-09-30T13:40:03","modified_gmt":"2019-09-30T11:40:03","slug":"eleccions-a-quart","status":"publish","type":"post","link":"https:\/\/agora.xtec.cat\/ceipjoanmarquescasals\/general\/eleccions-a-quart\/","title":{"rendered":"ELECCIONS  DEL CMIAT A QUART"},"content":{"rendered":"<p>Hola, aquesta tarda hem triat el company que l&#8217;any vinent ens representar\u00e0 al CMIAT.<\/p>\n<p>Despr\u00e9s d&#8217;informar-nos degudament sobre qu\u00e8 \u00e9s el Consell Municipal de la Inf\u00e0ncia i l&#8217;Adolesc\u00e8ncia de Terrassa i sobre qu\u00e8 podem aportar els nens i joves de Terrassa a la millora de la nostra ciutat vam triar quatre candidats entre els nens i nenes que volien formar part del CMIAT.<\/p>\n<p>Avui hem escoltat les propostes dels quatre candidats triats i hem escollit el Gabriel com el nostre representant al CMIAT, i a la Menana com a substituta. Estem segurs que faran molt b\u00e9 la seva feina. Molta sort i moltes felicitats.<\/p>\n<p>Aqu\u00ed teniu dos v\u00eddeos que expliquen qu\u00e8 \u00e9s i com funciona el CMIAT. Cl\u00edqueu les imatges!!!!<\/p>\n<p><a href=\"https:\/\/drive.google.com\/file\/d\/1mvXNjRLdX8J3YuR1R8KIQOtAgyyJyFS0\/view?usp=sharing\"><img loading=\"lazy\" decoding=\"async\" class=\"wp-image-2153 alignleft\" src=\"https:\/\/agora.xtec.cat\/ceipjoanmarquescasals\/wp-content\/uploads\/usu1790\/2019\/06\/CMIAT-1-1024x567.jpg\" alt=\"\" width=\"347\" height=\"192\" srcset=\"https:\/\/agora.xtec.cat\/ceipjoanmarquescasals\/wp-content\/uploads\/usu1790\/2019\/06\/CMIAT-1-1024x567.jpg 1024w, https:\/\/agora.xtec.cat\/ceipjoanmarquescasals\/wp-content\/uploads\/usu1790\/2019\/06\/CMIAT-1-300x166.jpg 300w, https:\/\/agora.xtec.cat\/ceipjoanmarquescasals\/wp-content\/uploads\/usu1790\/2019\/06\/CMIAT-1-768x425.jpg 768w, https:\/\/agora.xtec.cat\/ceipjoanmarquescasals\/wp-content\/uploads\/usu1790\/2019\/06\/CMIAT-1.jpg 1273w\" sizes=\"auto, (max-width: 347px) 100vw, 347px\" \/><\/a><a href=\"https:\/\/drive.google.com\/file\/d\/1Kuvx0HgU47iCNwnj18BRYevR18CWoy-g\/view?usp=sharing\"><img loading=\"lazy\" decoding=\"async\" class=\"wp-image-2154 alignleft\" src=\"https:\/\/agora.xtec.cat\/ceipjoanmarquescasals\/wp-content\/uploads\/usu1790\/2019\/06\/CMIAT-2.jpg\" alt=\"\" width=\"271\" height=\"187\" srcset=\"https:\/\/agora.xtec.cat\/ceipjoanmarquescasals\/wp-content\/uploads\/usu1790\/2019\/06\/CMIAT-2.jpg 762w, https:\/\/agora.xtec.cat\/ceipjoanmarquescasals\/wp-content\/uploads\/usu1790\/2019\/06\/CMIAT-2-300x207.jpg 300w\" sizes=\"auto, (max-width: 271px) 100vw, 271px\" \/><\/a><a href=\"https:\/\/agora.xtec.cat\/ceipjoanmarquescasals\/wp-content\/uploads\/usu1790\/2019\/06\/votcions-cmiat-2_2448x1836.jpg\"><img loading=\"lazy\" decoding=\"async\" class=\"alignnone size-large wp-image-2147\" src=\"https:\/\/agora.xtec.cat\/ceipjoanmarquescasals\/wp-content\/uploads\/usu1790\/2019\/06\/votcions-cmiat-2_2448x1836-1024x768.jpg\" alt=\"\" width=\"1024\" height=\"768\" srcset=\"https:\/\/agora.xtec.cat\/ceipjoanmarquescasals\/wp-content\/uploads\/usu1790\/2019\/06\/votcions-cmiat-2_2448x1836-1024x768.jpg 1024w, https:\/\/agora.xtec.cat\/ceipjoanmarquescasals\/wp-content\/uploads\/usu1790\/2019\/06\/votcions-cmiat-2_2448x1836-300x225.jpg 300w, https:\/\/agora.xtec.cat\/ceipjoanmarquescasals\/wp-content\/uploads\/usu1790\/2019\/06\/votcions-cmiat-2_2448x1836-768x576.jpg 768w, https:\/\/agora.xtec.cat\/ceipjoanmarquescasals\/wp-content\/uploads\/usu1790\/2019\/06\/votcions-cmiat-2_2448x1836-200x150.jpg 200w\" sizes=\"auto, (max-width: 1024px) 100vw, 1024px\" \/><\/a><a href=\"https:\/\/agora.xtec.cat\/ceipjoanmarquescasals\/wp-content\/uploads\/usu1790\/2019\/06\/votcions-cmiat-3_2448x1836.jpg\"><img loading=\"lazy\" decoding=\"async\" class=\"alignnone size-large wp-image-2148\" src=\"https:\/\/agora.xtec.cat\/ceipjoanmarquescasals\/wp-content\/uploads\/usu1790\/2019\/06\/votcions-cmiat-3_2448x1836-1024x768.jpg\" alt=\"\" width=\"1024\" height=\"768\" srcset=\"https:\/\/agora.xtec.cat\/ceipjoanmarquescasals\/wp-content\/uploads\/usu1790\/2019\/06\/votcions-cmiat-3_2448x1836-1024x768.jpg 1024w, https:\/\/agora.xtec.cat\/ceipjoanmarquescasals\/wp-content\/uploads\/usu1790\/2019\/06\/votcions-cmiat-3_2448x1836-300x225.jpg 300w, https:\/\/agora.xtec.cat\/ceipjoanmarquescasals\/wp-content\/uploads\/usu1790\/2019\/06\/votcions-cmiat-3_2448x1836-768x576.jpg 768w, https:\/\/agora.xtec.cat\/ceipjoanmarquescasals\/wp-content\/uploads\/usu1790\/2019\/06\/votcions-cmiat-3_2448x1836-200x150.jpg 200w\" sizes=\"auto, (max-width: 1024px) 100vw, 1024px\" \/><\/a><a href=\"https:\/\/agora.xtec.cat\/ceipjoanmarquescasals\/wp-content\/uploads\/usu1790\/2019\/06\/votcions-cmiat-5_2448x1836.jpg\"><img loading=\"lazy\" decoding=\"async\" class=\"alignnone size-large wp-image-2149\" src=\"https:\/\/agora.xtec.cat\/ceipjoanmarquescasals\/wp-content\/uploads\/usu1790\/2019\/06\/votcions-cmiat-5_2448x1836-1024x768.jpg\" alt=\"\" width=\"1024\" height=\"768\" srcset=\"https:\/\/agora.xtec.cat\/ceipjoanmarquescasals\/wp-content\/uploads\/usu1790\/2019\/06\/votcions-cmiat-5_2448x1836-1024x768.jpg 1024w, https:\/\/agora.xtec.cat\/ceipjoanmarquescasals\/wp-content\/uploads\/usu1790\/2019\/06\/votcions-cmiat-5_2448x1836-300x225.jpg 300w, https:\/\/agora.xtec.cat\/ceipjoanmarquescasals\/wp-content\/uploads\/usu1790\/2019\/06\/votcions-cmiat-5_2448x1836-768x576.jpg 768w, https:\/\/agora.xtec.cat\/ceipjoanmarquescasals\/wp-content\/uploads\/usu1790\/2019\/06\/votcions-cmiat-5_2448x1836-200x150.jpg 200w\" sizes=\"auto, (max-width: 1024px) 100vw, 1024px\" \/><\/a><\/p>\n","protected":false},"excerpt":{"rendered":"<p>Hola, aquesta tarda hem triat el company que l&#8217;any vinent ens representar\u00e0 al CMIAT.<br \/>\nDespr\u00e9s d&#8217;informar-nos degudament sobre qu\u00e8 \u00e9s el Consell Municipal de la Inf\u00e0ncia i l&#8217;Adolesc\u00e8ncia de Terrassa i sobre qu\u00e8 podem aportar els nens i joves de Terrassa a la millora de la&hellip;  <a href=\"https:\/\/agora.xtec.cat\/ceipjoanmarquescasals\/general\/eleccions-a-quart\/\" title=\"Read ELECCIONS  DEL CMIAT A QUART\">Llegeix m\u00e9s\u00bb<\/a><\/p>\n","protected":false},"author":35,"featured_media":2149,"comment_status":"open","ping_status":"closed","sticky":false,"template":"","format":"standard","meta":{"_bbp_topic_count":0,"_bbp_reply_count":0,"_bbp_total_topic_count":0,"_bbp_total_reply_count":0,"_bbp_voice_count":0,"_bbp_anonymous_reply_count":0,"_bbp_topic_count_hidden":0,"_bbp_reply_count_hidden":0,"_bbp_forum_subforum_count":0,"footnotes":""},"categories":[188,1],"tags":[94,177],"class_list":["post-2151","post","type-post","status-publish","format-standard","has-post-thumbnail","hentry","category-any-2018-2019","category-general","tag-cicle-mitja","tag-cmiat"],"post_mailing_queue_ids":[],"_links":{"self":[{"href":"https:\/\/agora.xtec.cat\/ceipjoanmarquescasals\/wp-json\/wp\/v2\/posts\/2151","targetHints":{"allow":["GET"]}}],"collection":[{"href":"https:\/\/agora.xtec.cat\/ceipjoanmarquescasals\/wp-json\/wp\/v2\/posts"}],"about":[{"href":"https:\/\/agora.xtec.cat\/ceipjoanmarquescasals\/wp-json\/wp\/v2\/types\/post"}],"author":[{"embeddable":true,"href":"https:\/\/agora.xtec.cat\/ceipjoanmarquescasals\/wp-json\/wp\/v2\/users\/35"}],"replies":[{"embeddable":true,"href":"https:\/\/agora.xtec.cat\/ceipjoanmarquescasals\/wp-json\/wp\/v2\/comments?post=2151"}],"version-history":[{"count":3,"href":"https:\/\/agora.xtec.cat\/ceipjoanmarquescasals\/wp-json\/wp\/v2\/posts\/2151\/revisions"}],"predecessor-version":[{"id":2159,"href":"https:\/\/agora.xtec.cat\/ceipjoanmarquescasals\/wp-json\/wp\/v2\/posts\/2151\/revisions\/2159"}],"wp:featuredmedia":[{"embeddable":true,"href":"https:\/\/agora.xtec.cat\/ceipjoanmarquescasals\/wp-json\/wp\/v2\/media\/2149"}],"wp:attachment":[{"href":"https:\/\/agora.xtec.cat\/ceipjoanmarquescasals\/wp-json\/wp\/v2\/media?parent=2151"}],"wp:term":[{"taxonomy":"category","embeddable":true,"href":"https:\/\/agora.xtec.cat\/ceipjoanmarquescasals\/wp-json\/wp\/v2\/categories?post=2151"},{"taxonomy":"post_tag","embeddable":true,"href":"https:\/\/agora.xtec.cat\/ceipjoanmarquescasals\/wp-json\/wp\/v2\/tags?post=2151"}],"curies":[{"name":"wp","href":"https:\/\/api.w.org\/{rel}","templated":true}]}}