{"id":2143,"date":"2019-06-06T18:42:04","date_gmt":"2019-06-06T16:42:04","guid":{"rendered":"http:\/\/agora.xtec.cat\/ceipjoanmarquescasals\/?p=2143"},"modified":"2019-09-30T13:40:38","modified_gmt":"2019-09-30T11:40:38","slug":"batucada-a-vallparadis","status":"publish","type":"post","link":"https:\/\/agora.xtec.cat\/ceipjoanmarquescasals\/general\/batucada-a-vallparadis\/","title":{"rendered":"BATUCADA A VALLPARAD\u00cdS"},"content":{"rendered":"<p>Avui hem fet la gran BATUCADA i ens ho hem passat genial!!!!<\/p>\n<p>Com cada any, els nens i les nenes de quart hem participat en el projecte DONEM LA LLAUNA.<\/p>\n<p>Despr\u00e9s de molta preparaci\u00f3 ens hem trobat amb nens i nenes de moltes altres escoles de Terrassa per\u00a0 tocar diferents ritmes amb instruments que hem fet nosaltres mateixos amb materials reciclats.<\/p>\n<p>Ha estat fant\u00e0stic compartir amb aquests nens i nenes i amb els familiars que ens han vingut a veure aquesta matinal musical al Parc de Vallparad\u00eds.<\/p>\n<p>Moltes gr\u00e0cies a l&#8217;organitzaci\u00f3 i, sobretot, a l&#8217;Amparo, la nostra mestra de m\u00fasica, que \u00e9s la responsable que h\u00e0gim gaudit d&#8217;aquesta activitat. L&#8217;any vinent repetirem, segur!!!!!!!!!!!!!!!!!!!!!!!!<\/p>\n<p><a href=\"https:\/\/agora.xtec.cat\/ceipjoanmarquescasals\/wp-content\/uploads\/usu1790\/2019\/06\/batucada-2019-3_2448x1836.jpg\"><img loading=\"lazy\" decoding=\"async\" class=\"alignnone size-large wp-image-2144\" src=\"https:\/\/agora.xtec.cat\/ceipjoanmarquescasals\/wp-content\/uploads\/usu1790\/2019\/06\/batucada-2019-3_2448x1836-1024x768.jpg\" alt=\"\" width=\"1024\" height=\"768\" srcset=\"https:\/\/agora.xtec.cat\/ceipjoanmarquescasals\/wp-content\/uploads\/usu1790\/2019\/06\/batucada-2019-3_2448x1836-1024x768.jpg 1024w, https:\/\/agora.xtec.cat\/ceipjoanmarquescasals\/wp-content\/uploads\/usu1790\/2019\/06\/batucada-2019-3_2448x1836-300x225.jpg 300w, https:\/\/agora.xtec.cat\/ceipjoanmarquescasals\/wp-content\/uploads\/usu1790\/2019\/06\/batucada-2019-3_2448x1836-768x576.jpg 768w, https:\/\/agora.xtec.cat\/ceipjoanmarquescasals\/wp-content\/uploads\/usu1790\/2019\/06\/batucada-2019-3_2448x1836-200x150.jpg 200w\" sizes=\"auto, (max-width: 1024px) 100vw, 1024px\" \/><\/a> <a href=\"https:\/\/agora.xtec.cat\/ceipjoanmarquescasals\/wp-content\/uploads\/usu1790\/2019\/06\/batucada-2019-7_2448x1836.jpg\"><img loading=\"lazy\" decoding=\"async\" class=\"alignnone size-large wp-image-2145\" src=\"https:\/\/agora.xtec.cat\/ceipjoanmarquescasals\/wp-content\/uploads\/usu1790\/2019\/06\/batucada-2019-7_2448x1836-1024x768.jpg\" alt=\"\" width=\"1024\" height=\"768\" srcset=\"https:\/\/agora.xtec.cat\/ceipjoanmarquescasals\/wp-content\/uploads\/usu1790\/2019\/06\/batucada-2019-7_2448x1836-1024x768.jpg 1024w, https:\/\/agora.xtec.cat\/ceipjoanmarquescasals\/wp-content\/uploads\/usu1790\/2019\/06\/batucada-2019-7_2448x1836-300x225.jpg 300w, https:\/\/agora.xtec.cat\/ceipjoanmarquescasals\/wp-content\/uploads\/usu1790\/2019\/06\/batucada-2019-7_2448x1836-768x576.jpg 768w, https:\/\/agora.xtec.cat\/ceipjoanmarquescasals\/wp-content\/uploads\/usu1790\/2019\/06\/batucada-2019-7_2448x1836-200x150.jpg 200w\" sizes=\"auto, (max-width: 1024px) 100vw, 1024px\" \/><\/a> <a href=\"https:\/\/agora.xtec.cat\/ceipjoanmarquescasals\/wp-content\/uploads\/usu1790\/2019\/06\/batucada-2019-9_2448x1836.jpg\"><img loading=\"lazy\" decoding=\"async\" class=\"alignnone size-large wp-image-2146\" src=\"https:\/\/agora.xtec.cat\/ceipjoanmarquescasals\/wp-content\/uploads\/usu1790\/2019\/06\/batucada-2019-9_2448x1836-1024x768.jpg\" alt=\"\" width=\"1024\" height=\"768\" srcset=\"https:\/\/agora.xtec.cat\/ceipjoanmarquescasals\/wp-content\/uploads\/usu1790\/2019\/06\/batucada-2019-9_2448x1836-1024x768.jpg 1024w, https:\/\/agora.xtec.cat\/ceipjoanmarquescasals\/wp-content\/uploads\/usu1790\/2019\/06\/batucada-2019-9_2448x1836-300x225.jpg 300w, https:\/\/agora.xtec.cat\/ceipjoanmarquescasals\/wp-content\/uploads\/usu1790\/2019\/06\/batucada-2019-9_2448x1836-768x576.jpg 768w, https:\/\/agora.xtec.cat\/ceipjoanmarquescasals\/wp-content\/uploads\/usu1790\/2019\/06\/batucada-2019-9_2448x1836-200x150.jpg 200w\" sizes=\"auto, (max-width: 1024px) 100vw, 1024px\" \/><\/a><\/p>\n","protected":false},"excerpt":{"rendered":"<p>Avui hem fet la gran BATUCADA i ens ho hem passat genial!!!!<br \/>\nCom cada any, els nens i les nenes de quart hem participat en el projecte DONEM LA LLAUNA.<br \/>\nDespr\u00e9s de molta preparaci\u00f3 ens hem trobat amb nens i nenes de moltes altres escoles de Terrassa&hellip;  <a href=\"https:\/\/agora.xtec.cat\/ceipjoanmarquescasals\/general\/batucada-a-vallparadis\/\" title=\"Read BATUCADA A VALLPARAD\u00cdS\">Llegeix m\u00e9s\u00bb<\/a><\/p>\n","protected":false},"author":35,"featured_media":2144,"comment_status":"open","ping_status":"closed","sticky":false,"template":"","format":"standard","meta":{"_bbp_topic_count":0,"_bbp_reply_count":0,"_bbp_total_topic_count":0,"_bbp_total_reply_count":0,"_bbp_voice_count":0,"_bbp_anonymous_reply_count":0,"_bbp_topic_count_hidden":0,"_bbp_reply_count_hidden":0,"_bbp_forum_subforum_count":0,"footnotes":""},"categories":[188,1],"tags":[176,94,150],"class_list":["post-2143","post","type-post","status-publish","format-standard","has-post-thumbnail","hentry","category-any-2018-2019","category-general","tag-batucada","tag-cicle-mitja","tag-musica"],"post_mailing_queue_ids":[],"_links":{"self":[{"href":"https:\/\/agora.xtec.cat\/ceipjoanmarquescasals\/wp-json\/wp\/v2\/posts\/2143","targetHints":{"allow":["GET"]}}],"collection":[{"href":"https:\/\/agora.xtec.cat\/ceipjoanmarquescasals\/wp-json\/wp\/v2\/posts"}],"about":[{"href":"https:\/\/agora.xtec.cat\/ceipjoanmarquescasals\/wp-json\/wp\/v2\/types\/post"}],"author":[{"embeddable":true,"href":"https:\/\/agora.xtec.cat\/ceipjoanmarquescasals\/wp-json\/wp\/v2\/users\/35"}],"replies":[{"embeddable":true,"href":"https:\/\/agora.xtec.cat\/ceipjoanmarquescasals\/wp-json\/wp\/v2\/comments?post=2143"}],"version-history":[{"count":1,"href":"https:\/\/agora.xtec.cat\/ceipjoanmarquescasals\/wp-json\/wp\/v2\/posts\/2143\/revisions"}],"predecessor-version":[{"id":2150,"href":"https:\/\/agora.xtec.cat\/ceipjoanmarquescasals\/wp-json\/wp\/v2\/posts\/2143\/revisions\/2150"}],"wp:featuredmedia":[{"embeddable":true,"href":"https:\/\/agora.xtec.cat\/ceipjoanmarquescasals\/wp-json\/wp\/v2\/media\/2144"}],"wp:attachment":[{"href":"https:\/\/agora.xtec.cat\/ceipjoanmarquescasals\/wp-json\/wp\/v2\/media?parent=2143"}],"wp:term":[{"taxonomy":"category","embeddable":true,"href":"https:\/\/agora.xtec.cat\/ceipjoanmarquescasals\/wp-json\/wp\/v2\/categories?post=2143"},{"taxonomy":"post_tag","embeddable":true,"href":"https:\/\/agora.xtec.cat\/ceipjoanmarquescasals\/wp-json\/wp\/v2\/tags?post=2143"}],"curies":[{"name":"wp","href":"https:\/\/api.w.org\/{rel}","templated":true}]}}