{"id":1906,"date":"2019-05-15T19:28:28","date_gmt":"2019-05-15T17:28:28","guid":{"rendered":"http:\/\/agora.xtec.cat\/ceipjoanmarquescasals\/?p=1906"},"modified":"2019-09-30T13:48:42","modified_gmt":"2019-09-30T11:48:42","slug":"visita-de-lescriptor-ricardo-alcantara","status":"publish","type":"post","link":"https:\/\/agora.xtec.cat\/ceipjoanmarquescasals\/any-2018-2019\/visita-de-lescriptor-ricardo-alcantara\/","title":{"rendered":"VISITA DE L&#8217;ESCRIPTOR RICARDO ALC\u00c1NTARA"},"content":{"rendered":"<p>Hola fam\u00edlies!!!<\/p>\n<p>Aquest mat\u00ed, les nenes i els nens de quart hem tingut la gran sort de poder rebre la visita de l\u2019escriptor Ricardo Alc\u00e1ntara, un escriptor de literatura infantil molt reconegut a casa nostra i que ha obtingut premis tan destacables com el Serra d&#8217;Or o l&#8217;Apel\u00b7les Mestres. Hem pogut fer-li moltes preguntes i ens ha encantat tot el que ens ha explicat.<\/p>\n<p>Des de la seva experi\u00e8ncia, t\u00e9 m\u00e9s de dos-cents llibres publicats, ens ha parlat de la feina de l\u2019escriptor. Ens ha explicat com fent d\u2019observador i tenint com a punt de partida la realitat podem ser capa\u00e7os d\u2019imaginar i crear nous mons. Ens ha parlat de la import\u00e0ncia de la imaginaci\u00f3 per explicar hist\u00f2ries, de com perseguir-la i de com atrapar les idees.<\/p>\n<p>Tamb\u00e9 hem parlat de la import\u00e0ncia de l\u2019esfor\u00e7, de la const\u00e0ncia i de la disciplina pr\u00f2pia per aconseguir all\u00f2 que volem; de la satisfacci\u00f3 de fer la feina el millor que un pot; i de les coses que ens agradaria esborrar si tingu\u00e9ssim una goma m\u00e0gica. Hem arribat a la conclusi\u00f3 que ens aniria a tots millor si pogu\u00e9ssim portar una goma com aquesta a la butxaca.<\/p>\n<p>Com no podia ser d\u2019una altra manera, una part de la visita l&#8217;hem aprofitada per parlar del llibre <em>La casa de les pors<\/em>, que hem llegit a classe i que ens ha agradat molt. Especialment perqu\u00e8 tots ens hem sentit una mica identificats amb el protagonista de la hist\u00f2ria, que t\u00e9 por a fer-se gran, a la foscor, a all\u00f2 desconegut&#8230; Per\u00f2 que en realitat \u00e9s un valent que supera tots els obstacles que se li posen al davant. Ens ha fet molta gr\u00e0cia parlar del Monstre de les set boques i de com de perill\u00f3s seria si fos un personatge real, sobretot tenint present que amb una sola boca ja es pot fer mal als altres.<\/p>\n<p>Per acabar, en Ricardo Alc\u00e1ntara ens ha explicat un secret, per\u00f2 ens ha dit que no el pod\u00edem explicar. T\u00e9 a veure amb la import\u00e0ncia de la lectura i el perqu\u00e8 de l\u2019eliminaci\u00f3 del F. C. Barcelona a la lliga de campions a Liverpool. No us ho podr\u00edeu creure!!!!!!!!<\/p>\n<p>Moltes gr\u00e0cies al Ricardo Alc\u00e1ntara per la seva visita. Ha estat un gran plaer con\u00e8ixer un gran escriptor com ell.<\/p>\n<p><a href=\"https:\/\/agora.xtec.cat\/ceipjoanmarquescasals\/wp-content\/uploads\/usu1790\/2019\/05\/visita-r-alcantara-8_2938x2203.jpg\"><img loading=\"lazy\" decoding=\"async\" class=\"alignnone size-large wp-image-1894\" src=\"https:\/\/agora.xtec.cat\/ceipjoanmarquescasals\/wp-content\/uploads\/usu1790\/2019\/05\/visita-r-alcantara-8_2938x2203-1024x768.jpg\" alt=\"\" width=\"1024\" height=\"768\" srcset=\"https:\/\/agora.xtec.cat\/ceipjoanmarquescasals\/wp-content\/uploads\/usu1790\/2019\/05\/visita-r-alcantara-8_2938x2203-1024x768.jpg 1024w, https:\/\/agora.xtec.cat\/ceipjoanmarquescasals\/wp-content\/uploads\/usu1790\/2019\/05\/visita-r-alcantara-8_2938x2203-300x225.jpg 300w, https:\/\/agora.xtec.cat\/ceipjoanmarquescasals\/wp-content\/uploads\/usu1790\/2019\/05\/visita-r-alcantara-8_2938x2203-768x576.jpg 768w, https:\/\/agora.xtec.cat\/ceipjoanmarquescasals\/wp-content\/uploads\/usu1790\/2019\/05\/visita-r-alcantara-8_2938x2203-200x150.jpg 200w\" sizes=\"auto, (max-width: 1024px) 100vw, 1024px\" \/><\/a> <a href=\"https:\/\/agora.xtec.cat\/ceipjoanmarquescasals\/wp-content\/uploads\/usu1790\/2019\/05\/visita-r-alcantara-6.jpg\"><img loading=\"lazy\" decoding=\"async\" class=\"alignnone size-large wp-image-1893\" src=\"https:\/\/agora.xtec.cat\/ceipjoanmarquescasals\/wp-content\/uploads\/usu1790\/2019\/05\/visita-r-alcantara-6-1024x768.jpg\" alt=\"\" width=\"1024\" height=\"768\" srcset=\"https:\/\/agora.xtec.cat\/ceipjoanmarquescasals\/wp-content\/uploads\/usu1790\/2019\/05\/visita-r-alcantara-6-1024x768.jpg 1024w, https:\/\/agora.xtec.cat\/ceipjoanmarquescasals\/wp-content\/uploads\/usu1790\/2019\/05\/visita-r-alcantara-6-300x225.jpg 300w, https:\/\/agora.xtec.cat\/ceipjoanmarquescasals\/wp-content\/uploads\/usu1790\/2019\/05\/visita-r-alcantara-6-768x576.jpg 768w, https:\/\/agora.xtec.cat\/ceipjoanmarquescasals\/wp-content\/uploads\/usu1790\/2019\/05\/visita-r-alcantara-6-200x150.jpg 200w\" sizes=\"auto, (max-width: 1024px) 100vw, 1024px\" \/><\/a><\/p>\n","protected":false},"excerpt":{"rendered":"<p>Hola fam\u00edlies!!!<br \/>\nAquest mat\u00ed, les nenes i els nens de quart hem tingut la gran sort de poder rebre la visita de l\u2019escriptor Ricardo Alc\u00e1ntara, un escriptor de literatura infantil molt reconegut a casa nostra i que ha obtingut premis tan destacables com el Serra d&#8217;Or&hellip;  <a href=\"https:\/\/agora.xtec.cat\/ceipjoanmarquescasals\/any-2018-2019\/visita-de-lescriptor-ricardo-alcantara\/\" title=\"Read VISITA DE L&#8217;ESCRIPTOR RICARDO ALC\u00c1NTARA\">Llegeix m\u00e9s\u00bb<\/a><\/p>\n","protected":false},"author":35,"featured_media":1893,"comment_status":"open","ping_status":"closed","sticky":false,"template":"","format":"standard","meta":{"_bbp_topic_count":0,"_bbp_reply_count":0,"_bbp_total_topic_count":0,"_bbp_total_reply_count":0,"_bbp_voice_count":0,"_bbp_anonymous_reply_count":0,"_bbp_topic_count_hidden":0,"_bbp_reply_count_hidden":0,"_bbp_forum_subforum_count":0,"footnotes":""},"categories":[188],"tags":[105,94],"class_list":["post-1906","post","type-post","status-publish","format-standard","has-post-thumbnail","hentry","category-any-2018-2019","tag-biblioteca","tag-cicle-mitja"],"post_mailing_queue_ids":[],"_links":{"self":[{"href":"https:\/\/agora.xtec.cat\/ceipjoanmarquescasals\/wp-json\/wp\/v2\/posts\/1906","targetHints":{"allow":["GET"]}}],"collection":[{"href":"https:\/\/agora.xtec.cat\/ceipjoanmarquescasals\/wp-json\/wp\/v2\/posts"}],"about":[{"href":"https:\/\/agora.xtec.cat\/ceipjoanmarquescasals\/wp-json\/wp\/v2\/types\/post"}],"author":[{"embeddable":true,"href":"https:\/\/agora.xtec.cat\/ceipjoanmarquescasals\/wp-json\/wp\/v2\/users\/35"}],"replies":[{"embeddable":true,"href":"https:\/\/agora.xtec.cat\/ceipjoanmarquescasals\/wp-json\/wp\/v2\/comments?post=1906"}],"version-history":[{"count":2,"href":"https:\/\/agora.xtec.cat\/ceipjoanmarquescasals\/wp-json\/wp\/v2\/posts\/1906\/revisions"}],"predecessor-version":[{"id":1908,"href":"https:\/\/agora.xtec.cat\/ceipjoanmarquescasals\/wp-json\/wp\/v2\/posts\/1906\/revisions\/1908"}],"wp:featuredmedia":[{"embeddable":true,"href":"https:\/\/agora.xtec.cat\/ceipjoanmarquescasals\/wp-json\/wp\/v2\/media\/1893"}],"wp:attachment":[{"href":"https:\/\/agora.xtec.cat\/ceipjoanmarquescasals\/wp-json\/wp\/v2\/media?parent=1906"}],"wp:term":[{"taxonomy":"category","embeddable":true,"href":"https:\/\/agora.xtec.cat\/ceipjoanmarquescasals\/wp-json\/wp\/v2\/categories?post=1906"},{"taxonomy":"post_tag","embeddable":true,"href":"https:\/\/agora.xtec.cat\/ceipjoanmarquescasals\/wp-json\/wp\/v2\/tags?post=1906"}],"curies":[{"name":"wp","href":"https:\/\/api.w.org\/{rel}","templated":true}]}}