{"id":1811,"date":"2019-05-03T22:01:01","date_gmt":"2019-05-03T20:01:01","guid":{"rendered":"http:\/\/agora.xtec.cat\/ceipjoanmarquescasals\/?p=1811"},"modified":"2019-09-30T13:51:37","modified_gmt":"2019-09-30T11:51:37","slug":"fotografies-de-les-colonies-de-quart","status":"publish","type":"post","link":"https:\/\/agora.xtec.cat\/ceipjoanmarquescasals\/general\/fotografies-de-les-colonies-de-quart\/","title":{"rendered":"Col\u00f2nies de quart"},"content":{"rendered":"<p>Hola fam\u00edlies!!!!!<\/p>\n<p>Els nens i les nenes de quart hem pogut gaudir intensament de les conviv\u00e8ncies de cicle mitj\u00e0 a la casa de col\u00f2nies de Viladoms de Baix, un lloc fant\u00e0stic on gaudir de la natura i d&#8217;un entorn privilegiat.<\/p>\n<p>Ha estat una experi\u00e8ncia inoblidable per a tots nosaltres i un record que ens acompanyar\u00e0 durant molt de temps. Moltes gr\u00e0cies a tots els que han col\u00b7laborat per tal que les col\u00f2nies hagin estat un \u00e8xit. Gr\u00e0cies als pares i les mares pel seu esfor\u00e7, als mestres i les mestres pel seu treball, i als nens i les nenes pel seu comportament i per la seva il\u00b7lusi\u00f3 per compartir amb els companys dos dies fant\u00e0stics.<\/p>\n<p>Aqu\u00ed teniu un recull de les fotografies de l&#8217;estada i un mannequin challenge que hem fet aquest mat\u00ed. Nom\u00e9s heu de clicar a les fotografies de sota.<\/p>\n<p>Esperem que us agradin.<\/p>\n<p>FOTOGRAFIES DE LES COL\u00d2NIES DE QUART<\/p>\n<p><a href=\"https:\/\/drive.google.com\/drive\/folders\/1Q2Ule0sKi_2zPLZRz3E5RVAM3VnXb0EC\" target=\"_blank\" rel=\"noopener noreferrer\"><img loading=\"lazy\" decoding=\"async\" class=\"wp-image-1813 aligncenter\" src=\"https:\/\/agora.xtec.cat\/ceipjoanmarquescasals\/wp-content\/uploads\/usu1790\/2019\/05\/IMG_20190502_135847_3536x2652-1024x768.jpg\" alt=\"\" width=\"512\" height=\"384\" srcset=\"https:\/\/agora.xtec.cat\/ceipjoanmarquescasals\/wp-content\/uploads\/usu1790\/2019\/05\/IMG_20190502_135847_3536x2652-1024x768.jpg 1024w, https:\/\/agora.xtec.cat\/ceipjoanmarquescasals\/wp-content\/uploads\/usu1790\/2019\/05\/IMG_20190502_135847_3536x2652-300x225.jpg 300w, https:\/\/agora.xtec.cat\/ceipjoanmarquescasals\/wp-content\/uploads\/usu1790\/2019\/05\/IMG_20190502_135847_3536x2652-768x576.jpg 768w, https:\/\/agora.xtec.cat\/ceipjoanmarquescasals\/wp-content\/uploads\/usu1790\/2019\/05\/IMG_20190502_135847_3536x2652-200x150.jpg 200w\" sizes=\"auto, (max-width: 512px) 100vw, 512px\" \/><\/a><\/p>\n<p>MANNEQUIN CHALLENGE<\/p>\n<p><a href=\"https:\/\/drive.google.com\/file\/d\/1IKTmOTi6JktWlAvRnuqAun1zHJxls2ch\/view?usp=sharing\" target=\"_blank\" rel=\"noopener noreferrer\"><img loading=\"lazy\" decoding=\"async\" class=\"alignnone size-large wp-image-1814\" src=\"https:\/\/agora.xtec.cat\/ceipjoanmarquescasals\/wp-content\/uploads\/usu1790\/2019\/05\/Screenshot_1-1024x578.jpg\" alt=\"\" width=\"1024\" height=\"578\" srcset=\"https:\/\/agora.xtec.cat\/ceipjoanmarquescasals\/wp-content\/uploads\/usu1790\/2019\/05\/Screenshot_1-1024x578.jpg 1024w, https:\/\/agora.xtec.cat\/ceipjoanmarquescasals\/wp-content\/uploads\/usu1790\/2019\/05\/Screenshot_1-300x169.jpg 300w, https:\/\/agora.xtec.cat\/ceipjoanmarquescasals\/wp-content\/uploads\/usu1790\/2019\/05\/Screenshot_1-768x434.jpg 768w, https:\/\/agora.xtec.cat\/ceipjoanmarquescasals\/wp-content\/uploads\/usu1790\/2019\/05\/Screenshot_1.jpg 1279w\" sizes=\"auto, (max-width: 1024px) 100vw, 1024px\" \/><\/a><\/p>\n","protected":false},"excerpt":{"rendered":"<p>Hola fam\u00edlies!!!!!<br \/>\nEls nens i les nenes de quart hem pogut gaudir intensament de les conviv\u00e8ncies de cicle mitj\u00e0 a la casa de col\u00f2nies de Viladoms de Baix, un lloc fant\u00e0stic on gaudir de la natura i d&#8217;un entorn privilegiat.<br \/>\nHa estat una experi\u00e8ncia inoblidable per a&hellip;  <a href=\"https:\/\/agora.xtec.cat\/ceipjoanmarquescasals\/general\/fotografies-de-les-colonies-de-quart\/\" title=\"Read Col\u00f2nies de quart\">Llegeix m\u00e9s\u00bb<\/a><\/p>\n","protected":false},"author":35,"featured_media":1812,"comment_status":"open","ping_status":"closed","sticky":false,"template":"","format":"standard","meta":{"_bbp_topic_count":0,"_bbp_reply_count":0,"_bbp_total_topic_count":0,"_bbp_total_reply_count":0,"_bbp_voice_count":0,"_bbp_anonymous_reply_count":0,"_bbp_topic_count_hidden":0,"_bbp_reply_count_hidden":0,"_bbp_forum_subforum_count":0,"footnotes":""},"categories":[188,1],"tags":[94,156,16],"class_list":["post-1811","post","type-post","status-publish","format-standard","has-post-thumbnail","hentry","category-any-2018-2019","category-general","tag-cicle-mitja","tag-colonies","tag-sortides"],"post_mailing_queue_ids":[],"_links":{"self":[{"href":"https:\/\/agora.xtec.cat\/ceipjoanmarquescasals\/wp-json\/wp\/v2\/posts\/1811","targetHints":{"allow":["GET"]}}],"collection":[{"href":"https:\/\/agora.xtec.cat\/ceipjoanmarquescasals\/wp-json\/wp\/v2\/posts"}],"about":[{"href":"https:\/\/agora.xtec.cat\/ceipjoanmarquescasals\/wp-json\/wp\/v2\/types\/post"}],"author":[{"embeddable":true,"href":"https:\/\/agora.xtec.cat\/ceipjoanmarquescasals\/wp-json\/wp\/v2\/users\/35"}],"replies":[{"embeddable":true,"href":"https:\/\/agora.xtec.cat\/ceipjoanmarquescasals\/wp-json\/wp\/v2\/comments?post=1811"}],"version-history":[{"count":4,"href":"https:\/\/agora.xtec.cat\/ceipjoanmarquescasals\/wp-json\/wp\/v2\/posts\/1811\/revisions"}],"predecessor-version":[{"id":2274,"href":"https:\/\/agora.xtec.cat\/ceipjoanmarquescasals\/wp-json\/wp\/v2\/posts\/1811\/revisions\/2274"}],"wp:featuredmedia":[{"embeddable":true,"href":"https:\/\/agora.xtec.cat\/ceipjoanmarquescasals\/wp-json\/wp\/v2\/media\/1812"}],"wp:attachment":[{"href":"https:\/\/agora.xtec.cat\/ceipjoanmarquescasals\/wp-json\/wp\/v2\/media?parent=1811"}],"wp:term":[{"taxonomy":"category","embeddable":true,"href":"https:\/\/agora.xtec.cat\/ceipjoanmarquescasals\/wp-json\/wp\/v2\/categories?post=1811"},{"taxonomy":"post_tag","embeddable":true,"href":"https:\/\/agora.xtec.cat\/ceipjoanmarquescasals\/wp-json\/wp\/v2\/tags?post=1811"}],"curies":[{"name":"wp","href":"https:\/\/api.w.org\/{rel}","templated":true}]}}