{"id":1802,"date":"2019-05-02T12:14:21","date_gmt":"2019-05-02T10:14:21","guid":{"rendered":"http:\/\/agora.xtec.cat\/ceipjoanmarquescasals\/?p=1802"},"modified":"2019-09-30T13:52:03","modified_gmt":"2019-09-30T11:52:03","slug":"3a-cursa-solidaria-del-jmc","status":"publish","type":"post","link":"https:\/\/agora.xtec.cat\/ceipjoanmarquescasals\/general\/3a-cursa-solidaria-del-jmc\/","title":{"rendered":"3\u00aa CURSA SOLIDARIA DEL JMC"},"content":{"rendered":"<p>Benvolgudes fam\u00edlies, aqu\u00ed teniu un petit v\u00eddeo de la cursa que vam organitzar le dia 12 d&#8217;abril. Aquest v\u00eddeo ha estat enviat a un concurs organitzat per l&#8217;\u00e0rea d&#8217;esport escolar de la Generalitat. Esperem que us agradi !!!!.<\/p>\n<p>I gr\u00e0cies a tots\/es els participants i tamb\u00e9 als pares\/mares volunt\u00e0ries.<\/p>\n<p><a href=\"https:\/\/drive.google.com\/open?id=1gF87d9C9j003vmjI35hOx1nBaFnlaQHH\">V\u00eddeo sobre la cursa de la primavera<\/a><\/p>\n<p>&nbsp;<\/p>\n","protected":false},"excerpt":{"rendered":"<p>Benvolgudes fam\u00edlies, aqu\u00ed teniu un petit v\u00eddeo de la cursa que vam organitzar le dia 12 d&#8217;abril. Aquest v\u00eddeo ha estat enviat a un concurs organitzat per l&#8217;\u00e0rea d&#8217;esport escolar de la Generalitat. Esperem que us agradi !!!!.<br \/>\nI gr\u00e0cies a tots\/es els participants i tamb\u00e9&hellip;  <a href=\"https:\/\/agora.xtec.cat\/ceipjoanmarquescasals\/general\/3a-cursa-solidaria-del-jmc\/\" title=\"Read 3\u00aa CURSA SOLIDARIA DEL JMC\">Llegeix m\u00e9s\u00bb<\/a><\/p>\n","protected":false},"author":36,"featured_media":1806,"comment_status":"open","ping_status":"closed","sticky":false,"template":"","format":"standard","meta":{"_bbp_topic_count":0,"_bbp_reply_count":0,"_bbp_total_topic_count":0,"_bbp_total_reply_count":0,"_bbp_voice_count":0,"_bbp_anonymous_reply_count":0,"_bbp_topic_count_hidden":0,"_bbp_reply_count_hidden":0,"_bbp_forum_subforum_count":0,"footnotes":""},"categories":[188,1],"tags":[125,111,146],"class_list":["post-1802","post","type-post","status-publish","format-standard","has-post-thumbnail","hentry","category-any-2018-2019","category-general","tag-educacio-fisica","tag-families","tag-festes"],"post_mailing_queue_ids":[],"_links":{"self":[{"href":"https:\/\/agora.xtec.cat\/ceipjoanmarquescasals\/wp-json\/wp\/v2\/posts\/1802","targetHints":{"allow":["GET"]}}],"collection":[{"href":"https:\/\/agora.xtec.cat\/ceipjoanmarquescasals\/wp-json\/wp\/v2\/posts"}],"about":[{"href":"https:\/\/agora.xtec.cat\/ceipjoanmarquescasals\/wp-json\/wp\/v2\/types\/post"}],"author":[{"embeddable":true,"href":"https:\/\/agora.xtec.cat\/ceipjoanmarquescasals\/wp-json\/wp\/v2\/users\/36"}],"replies":[{"embeddable":true,"href":"https:\/\/agora.xtec.cat\/ceipjoanmarquescasals\/wp-json\/wp\/v2\/comments?post=1802"}],"version-history":[{"count":2,"href":"https:\/\/agora.xtec.cat\/ceipjoanmarquescasals\/wp-json\/wp\/v2\/posts\/1802\/revisions"}],"predecessor-version":[{"id":1810,"href":"https:\/\/agora.xtec.cat\/ceipjoanmarquescasals\/wp-json\/wp\/v2\/posts\/1802\/revisions\/1810"}],"wp:featuredmedia":[{"embeddable":true,"href":"https:\/\/agora.xtec.cat\/ceipjoanmarquescasals\/wp-json\/wp\/v2\/media\/1806"}],"wp:attachment":[{"href":"https:\/\/agora.xtec.cat\/ceipjoanmarquescasals\/wp-json\/wp\/v2\/media?parent=1802"}],"wp:term":[{"taxonomy":"category","embeddable":true,"href":"https:\/\/agora.xtec.cat\/ceipjoanmarquescasals\/wp-json\/wp\/v2\/categories?post=1802"},{"taxonomy":"post_tag","embeddable":true,"href":"https:\/\/agora.xtec.cat\/ceipjoanmarquescasals\/wp-json\/wp\/v2\/tags?post=1802"}],"curies":[{"name":"wp","href":"https:\/\/api.w.org\/{rel}","templated":true}]}}