{"id":1780,"date":"2019-04-26T21:00:39","date_gmt":"2019-04-26T19:00:39","guid":{"rendered":"http:\/\/agora.xtec.cat\/ceipjoanmarquescasals\/?p=1780"},"modified":"2019-09-30T13:53:21","modified_gmt":"2019-09-30T11:53:21","slug":"taller-de-primers-auxilis-a-quart","status":"publish","type":"post","link":"https:\/\/agora.xtec.cat\/ceipjoanmarquescasals\/any-2018-2019\/taller-de-primers-auxilis-a-quart\/","title":{"rendered":"Taller de primers auxilis a quart"},"content":{"rendered":"<p>Hola a tothom!<\/p>\n<p>Aquesta tarda, els nens i nenes de quart hem participat a un taller sobre primers auxilis que ens ha fet&#8230; en David!!!! A part de ser mestre, \u00e9s tot un especialista en el tema. \u00c9s formador de salvament i socorrisme de la Creu Roja, i prepara els futurs socorristes per tal que tots estiguem m\u00e9s segurs, especialment a les piscines i a les platges.<\/p>\n<p>Ens ha explicat molt\u00edssimes coses interessants que no coneix\u00edem i ens ho hem passat molt b\u00e9 escoltant les seves explicacions. Ha estat una tarda molt entretinguda i molt ben aprofitada.<\/p>\n<p>Moltes gr\u00e0cies per les teves explicacions i tamb\u00e9 per aquesta tasca tan maca que fas fora de l&#8217;escola!!!!!!!!!!<\/p>\n<p><a href=\"https:\/\/agora.xtec.cat\/ceipjoanmarquescasals\/wp-content\/uploads\/usu1790\/2019\/04\/IMG_20190426_151329_2938x2203.jpg\"><img loading=\"lazy\" decoding=\"async\" class=\"alignnone size-large wp-image-1781\" src=\"https:\/\/agora.xtec.cat\/ceipjoanmarquescasals\/wp-content\/uploads\/usu1790\/2019\/04\/IMG_20190426_151329_2938x2203-1024x768.jpg\" alt=\"\" width=\"1024\" height=\"768\" srcset=\"https:\/\/agora.xtec.cat\/ceipjoanmarquescasals\/wp-content\/uploads\/usu1790\/2019\/04\/IMG_20190426_151329_2938x2203-1024x768.jpg 1024w, https:\/\/agora.xtec.cat\/ceipjoanmarquescasals\/wp-content\/uploads\/usu1790\/2019\/04\/IMG_20190426_151329_2938x2203-300x225.jpg 300w, https:\/\/agora.xtec.cat\/ceipjoanmarquescasals\/wp-content\/uploads\/usu1790\/2019\/04\/IMG_20190426_151329_2938x2203-768x576.jpg 768w, https:\/\/agora.xtec.cat\/ceipjoanmarquescasals\/wp-content\/uploads\/usu1790\/2019\/04\/IMG_20190426_151329_2938x2203-200x150.jpg 200w\" sizes=\"auto, (max-width: 1024px) 100vw, 1024px\" \/><\/a> <a href=\"https:\/\/agora.xtec.cat\/ceipjoanmarquescasals\/wp-content\/uploads\/usu1790\/2019\/04\/IMG_20190426_160000_2938x2203.jpg\"><img loading=\"lazy\" decoding=\"async\" class=\"alignnone size-large wp-image-1783\" src=\"https:\/\/agora.xtec.cat\/ceipjoanmarquescasals\/wp-content\/uploads\/usu1790\/2019\/04\/IMG_20190426_160000_2938x2203-1024x768.jpg\" alt=\"\" width=\"1024\" height=\"768\" srcset=\"https:\/\/agora.xtec.cat\/ceipjoanmarquescasals\/wp-content\/uploads\/usu1790\/2019\/04\/IMG_20190426_160000_2938x2203-1024x768.jpg 1024w, https:\/\/agora.xtec.cat\/ceipjoanmarquescasals\/wp-content\/uploads\/usu1790\/2019\/04\/IMG_20190426_160000_2938x2203-300x225.jpg 300w, https:\/\/agora.xtec.cat\/ceipjoanmarquescasals\/wp-content\/uploads\/usu1790\/2019\/04\/IMG_20190426_160000_2938x2203-768x576.jpg 768w, https:\/\/agora.xtec.cat\/ceipjoanmarquescasals\/wp-content\/uploads\/usu1790\/2019\/04\/IMG_20190426_160000_2938x2203-200x150.jpg 200w\" sizes=\"auto, (max-width: 1024px) 100vw, 1024px\" \/><\/a> <a href=\"https:\/\/agora.xtec.cat\/ceipjoanmarquescasals\/wp-content\/uploads\/usu1790\/2019\/04\/IMG_20190426_153927_2938x2203.jpg\"><img loading=\"lazy\" decoding=\"async\" class=\"alignnone size-large wp-image-1782\" src=\"https:\/\/agora.xtec.cat\/ceipjoanmarquescasals\/wp-content\/uploads\/usu1790\/2019\/04\/IMG_20190426_153927_2938x2203-1024x768.jpg\" alt=\"\" width=\"1024\" height=\"768\" srcset=\"https:\/\/agora.xtec.cat\/ceipjoanmarquescasals\/wp-content\/uploads\/usu1790\/2019\/04\/IMG_20190426_153927_2938x2203-1024x768.jpg 1024w, https:\/\/agora.xtec.cat\/ceipjoanmarquescasals\/wp-content\/uploads\/usu1790\/2019\/04\/IMG_20190426_153927_2938x2203-300x225.jpg 300w, https:\/\/agora.xtec.cat\/ceipjoanmarquescasals\/wp-content\/uploads\/usu1790\/2019\/04\/IMG_20190426_153927_2938x2203-768x576.jpg 768w, https:\/\/agora.xtec.cat\/ceipjoanmarquescasals\/wp-content\/uploads\/usu1790\/2019\/04\/IMG_20190426_153927_2938x2203-200x150.jpg 200w\" sizes=\"auto, (max-width: 1024px) 100vw, 1024px\" \/><\/a><\/p>\n","protected":false},"excerpt":{"rendered":"<p>Hola a tothom!<br \/>\nAquesta tarda, els nens i nenes de quart hem participat a un taller sobre primers auxilis que ens ha fet&#8230; en David!!!! A part de ser mestre, \u00e9s tot un especialista en el tema. \u00c9s formador de salvament i socorrisme de la Creu&hellip;  <a href=\"https:\/\/agora.xtec.cat\/ceipjoanmarquescasals\/any-2018-2019\/taller-de-primers-auxilis-a-quart\/\" title=\"Read Taller de primers auxilis a quart\">Llegeix m\u00e9s\u00bb<\/a><\/p>\n","protected":false},"author":35,"featured_media":1783,"comment_status":"open","ping_status":"closed","sticky":false,"template":"","format":"standard","meta":{"_bbp_topic_count":0,"_bbp_reply_count":0,"_bbp_total_topic_count":0,"_bbp_total_reply_count":0,"_bbp_voice_count":0,"_bbp_anonymous_reply_count":0,"_bbp_topic_count_hidden":0,"_bbp_reply_count_hidden":0,"_bbp_forum_subforum_count":0,"footnotes":""},"categories":[188],"tags":[94],"class_list":["post-1780","post","type-post","status-publish","format-standard","has-post-thumbnail","hentry","category-any-2018-2019","tag-cicle-mitja"],"post_mailing_queue_ids":[],"_links":{"self":[{"href":"https:\/\/agora.xtec.cat\/ceipjoanmarquescasals\/wp-json\/wp\/v2\/posts\/1780","targetHints":{"allow":["GET"]}}],"collection":[{"href":"https:\/\/agora.xtec.cat\/ceipjoanmarquescasals\/wp-json\/wp\/v2\/posts"}],"about":[{"href":"https:\/\/agora.xtec.cat\/ceipjoanmarquescasals\/wp-json\/wp\/v2\/types\/post"}],"author":[{"embeddable":true,"href":"https:\/\/agora.xtec.cat\/ceipjoanmarquescasals\/wp-json\/wp\/v2\/users\/35"}],"replies":[{"embeddable":true,"href":"https:\/\/agora.xtec.cat\/ceipjoanmarquescasals\/wp-json\/wp\/v2\/comments?post=1780"}],"version-history":[{"count":1,"href":"https:\/\/agora.xtec.cat\/ceipjoanmarquescasals\/wp-json\/wp\/v2\/posts\/1780\/revisions"}],"predecessor-version":[{"id":1784,"href":"https:\/\/agora.xtec.cat\/ceipjoanmarquescasals\/wp-json\/wp\/v2\/posts\/1780\/revisions\/1784"}],"wp:featuredmedia":[{"embeddable":true,"href":"https:\/\/agora.xtec.cat\/ceipjoanmarquescasals\/wp-json\/wp\/v2\/media\/1783"}],"wp:attachment":[{"href":"https:\/\/agora.xtec.cat\/ceipjoanmarquescasals\/wp-json\/wp\/v2\/media?parent=1780"}],"wp:term":[{"taxonomy":"category","embeddable":true,"href":"https:\/\/agora.xtec.cat\/ceipjoanmarquescasals\/wp-json\/wp\/v2\/categories?post=1780"},{"taxonomy":"post_tag","embeddable":true,"href":"https:\/\/agora.xtec.cat\/ceipjoanmarquescasals\/wp-json\/wp\/v2\/tags?post=1780"}],"curies":[{"name":"wp","href":"https:\/\/api.w.org\/{rel}","templated":true}]}}