{"id":1666,"date":"2019-04-26T22:00:53","date_gmt":"2019-04-26T20:00:53","guid":{"rendered":"http:\/\/agora.xtec.cat\/ceipjoanmarquescasals\/?p=1666"},"modified":"2019-09-30T13:52:57","modified_gmt":"2019-09-30T11:52:57","slug":"colonies-de-quart-2-i-3-de-maig-de-2019","status":"publish","type":"post","link":"https:\/\/agora.xtec.cat\/ceipjoanmarquescasals\/general\/colonies-de-quart-2-i-3-de-maig-de-2019\/","title":{"rendered":"COL\u00d2NIES DE QUART, 2 I 3 DE MAIG DE 2019"},"content":{"rendered":"<p>Le<a href=\"https:\/\/agora.xtec.cat\/ceipjoanmarquescasals\/wp-content\/uploads\/usu1790\/2019\/04\/viladoms-casetes.jpg\"><img loading=\"lazy\" decoding=\"async\" class=\"wp-image-1669 alignleft\" src=\"https:\/\/agora.xtec.cat\/ceipjoanmarquescasals\/wp-content\/uploads\/usu1790\/2019\/04\/viladoms-casetes-1024x768.jpg\" alt=\"\" width=\"324\" height=\"243\" srcset=\"https:\/\/agora.xtec.cat\/ceipjoanmarquescasals\/wp-content\/uploads\/usu1790\/2019\/04\/viladoms-casetes.jpg 1024w, https:\/\/agora.xtec.cat\/ceipjoanmarquescasals\/wp-content\/uploads\/usu1790\/2019\/04\/viladoms-casetes-300x225.jpg 300w, https:\/\/agora.xtec.cat\/ceipjoanmarquescasals\/wp-content\/uploads\/usu1790\/2019\/04\/viladoms-casetes-768x576.jpg 768w, https:\/\/agora.xtec.cat\/ceipjoanmarquescasals\/wp-content\/uploads\/usu1790\/2019\/04\/viladoms-casetes-200x150.jpg 200w\" sizes=\"auto, (max-width: 324px) 100vw, 324px\" \/><\/a>s col\u00f2nies de quart s&#8217;apropen!!!\u00a0 Quins nervis!!!!<\/p>\n<p>Els propers dies 2 i 3 de maig, els nens i les nenes de quart serem de col\u00f2nies a l&#8217;Alberg Viladoms de Baix, al poble de Castellbell i el Vilar, a la comarca del Bages.<\/p>\n<p>\u00c9s un lloc fant\u00e0stic, envoltat d&#8217;un meravell\u00f3s paisatge. L&#8217;alberg est\u00e0 situat al costat del Parc Natural de Sant Lloren\u00e7 del Munt i la Serra de l&#8217;Obac, i tamb\u00e9 del Parc Natural de la Muntanya de Montserrat.<\/p>\n<p>Estem tots molt emocionats i ja hem comen\u00e7at a comptar quants dies queden per aquesta gran aventura. <strong>Compte enrere iniciada!!!!!!<\/strong><\/p>\n<p>Si voleu m\u00e9s informaci\u00f3 de l&#8217;alberg nom\u00e9s heu de clicar a sobre de la seg\u00fcent fotografia.<\/p>\n<p><a href=\"https:\/\/cases.fundesplai.org\/equipament\/viladoms-de-baix\/\" target=\"_blank\" rel=\"noopener noreferrer\"><img loading=\"lazy\" decoding=\"async\" class=\"wp-image-1667 aligncenter\" src=\"https:\/\/agora.xtec.cat\/ceipjoanmarquescasals\/wp-content\/uploads\/usu1790\/2019\/04\/informacio-1.jpg\" alt=\"\" width=\"333\" height=\"296\" srcset=\"https:\/\/agora.xtec.cat\/ceipjoanmarquescasals\/wp-content\/uploads\/usu1790\/2019\/04\/informacio-1.jpg 640w, https:\/\/agora.xtec.cat\/ceipjoanmarquescasals\/wp-content\/uploads\/usu1790\/2019\/04\/informacio-1-300x267.jpg 300w\" sizes=\"auto, (max-width: 333px) 100vw, 333px\" \/><\/a><\/p>\n<p style=\"text-align: center;\"><strong>Durant l&#8217;estada anirem penjat algunes fotografies en diferents moments del dia.<\/strong><br \/>\n<strong> Nom\u00e9s caldr\u00e0 que cliqueu a sobre de la fotografia.<\/strong><\/p>\n<p><a href=\"https:\/\/drive.google.com\/drive\/folders\/1Q2Ule0sKi_2zPLZRz3E5RVAM3VnXb0EC?usp=sharing\" target=\"_blank\" rel=\"noopener noreferrer\"><img loading=\"lazy\" decoding=\"async\" class=\"wp-image-1668 aligncenter\" src=\"https:\/\/agora.xtec.cat\/ceipjoanmarquescasals\/wp-content\/uploads\/usu1790\/2019\/04\/Viladoms_Exterior_1-1200x675-1024x576.jpg\" alt=\"\" width=\"608\" height=\"342\" srcset=\"https:\/\/agora.xtec.cat\/ceipjoanmarquescasals\/wp-content\/uploads\/usu1790\/2019\/04\/Viladoms_Exterior_1-1200x675-1024x576.jpg 1024w, https:\/\/agora.xtec.cat\/ceipjoanmarquescasals\/wp-content\/uploads\/usu1790\/2019\/04\/Viladoms_Exterior_1-1200x675-300x169.jpg 300w, https:\/\/agora.xtec.cat\/ceipjoanmarquescasals\/wp-content\/uploads\/usu1790\/2019\/04\/Viladoms_Exterior_1-1200x675-768x432.jpg 768w, https:\/\/agora.xtec.cat\/ceipjoanmarquescasals\/wp-content\/uploads\/usu1790\/2019\/04\/Viladoms_Exterior_1-1200x675.jpg 1200w\" sizes=\"auto, (max-width: 608px) 100vw, 608px\" \/><\/a><\/p>\n","protected":false},"excerpt":{"rendered":"<p>Le<a href=\"https:\/\/agora.xtec.cat\/ceipjoanmarquescasals\/wp-content\/uploads\/usu1790\/2019\/04\/viladoms-casetes.jpg\"><\/a>s col\u00f2nies de quart s&#8217;apropen!!!\u00a0 Quins nervis!!!!<br \/>\nEls propers dies 2 i 3 de maig, els nens i les nenes de quart serem de col\u00f2nies a l&#8217;Alberg Viladoms de Baix, al poble de Castellbell i el Vilar, a la comarca del Bages.<br \/>\n\u00c9s un lloc fant\u00e0stic,&hellip;  <a href=\"https:\/\/agora.xtec.cat\/ceipjoanmarquescasals\/general\/colonies-de-quart-2-i-3-de-maig-de-2019\/\" title=\"Read COL\u00d2NIES DE QUART, 2 I 3 DE MAIG DE 2019\">Llegeix m\u00e9s\u00bb<\/a><\/p>\n","protected":false},"author":35,"featured_media":1668,"comment_status":"open","ping_status":"closed","sticky":false,"template":"","format":"standard","meta":{"_bbp_topic_count":0,"_bbp_reply_count":0,"_bbp_total_topic_count":0,"_bbp_total_reply_count":0,"_bbp_voice_count":0,"_bbp_anonymous_reply_count":0,"_bbp_topic_count_hidden":0,"_bbp_reply_count_hidden":0,"_bbp_forum_subforum_count":0,"footnotes":""},"categories":[188,1],"tags":[94,156,16],"class_list":["post-1666","post","type-post","status-publish","format-standard","has-post-thumbnail","hentry","category-any-2018-2019","category-general","tag-cicle-mitja","tag-colonies","tag-sortides"],"post_mailing_queue_ids":[],"_links":{"self":[{"href":"https:\/\/agora.xtec.cat\/ceipjoanmarquescasals\/wp-json\/wp\/v2\/posts\/1666","targetHints":{"allow":["GET"]}}],"collection":[{"href":"https:\/\/agora.xtec.cat\/ceipjoanmarquescasals\/wp-json\/wp\/v2\/posts"}],"about":[{"href":"https:\/\/agora.xtec.cat\/ceipjoanmarquescasals\/wp-json\/wp\/v2\/types\/post"}],"author":[{"embeddable":true,"href":"https:\/\/agora.xtec.cat\/ceipjoanmarquescasals\/wp-json\/wp\/v2\/users\/35"}],"replies":[{"embeddable":true,"href":"https:\/\/agora.xtec.cat\/ceipjoanmarquescasals\/wp-json\/wp\/v2\/comments?post=1666"}],"version-history":[{"count":3,"href":"https:\/\/agora.xtec.cat\/ceipjoanmarquescasals\/wp-json\/wp\/v2\/posts\/1666\/revisions"}],"predecessor-version":[{"id":2275,"href":"https:\/\/agora.xtec.cat\/ceipjoanmarquescasals\/wp-json\/wp\/v2\/posts\/1666\/revisions\/2275"}],"wp:featuredmedia":[{"embeddable":true,"href":"https:\/\/agora.xtec.cat\/ceipjoanmarquescasals\/wp-json\/wp\/v2\/media\/1668"}],"wp:attachment":[{"href":"https:\/\/agora.xtec.cat\/ceipjoanmarquescasals\/wp-json\/wp\/v2\/media?parent=1666"}],"wp:term":[{"taxonomy":"category","embeddable":true,"href":"https:\/\/agora.xtec.cat\/ceipjoanmarquescasals\/wp-json\/wp\/v2\/categories?post=1666"},{"taxonomy":"post_tag","embeddable":true,"href":"https:\/\/agora.xtec.cat\/ceipjoanmarquescasals\/wp-json\/wp\/v2\/tags?post=1666"}],"curies":[{"name":"wp","href":"https:\/\/api.w.org\/{rel}","templated":true}]}}