{"id":1543,"date":"2019-03-20T06:50:35","date_gmt":"2019-03-20T05:50:35","guid":{"rendered":"http:\/\/agora.xtec.cat\/ceipjoanmarquescasals\/?p=1543"},"modified":"2019-10-01T15:35:25","modified_gmt":"2019-10-01T13:35:25","slug":"visita-a-caldes-de-montbui-pastes-sanmarti","status":"publish","type":"post","link":"https:\/\/agora.xtec.cat\/ceipjoanmarquescasals\/any-2018-2019\/visita-a-caldes-de-montbui-pastes-sanmarti\/","title":{"rendered":"Visita a Caldes de Montbui: Pastes Sanmart\u00ed"},"content":{"rendered":"<h3 class=\"post-title entry-title\">VISITA A CALDES DE MONTBUI: Pastes Sanmart\u00ed<\/h3>\n<div class=\"post-header\">\n<div><\/div>\n<div class=\"post-header-line-1\">Hola!!!<\/div>\n<div><\/div>\n<div><\/div>\n<\/div>\n<p>Els nens i les nenes de tercer i quart hem visitat Caldes de Montbui. Hem fet un recorregut fant\u00e0stic per aquest bonic poble del Vall\u00e8s Oriental.<\/p>\n<p>Primer hem visitat la f\u00e0brica de pastes Sanmart\u00ed per con\u00e8ixer el proc\u00e9s de fabricaci\u00f3 de la pasta. Els Sanmart\u00ed s\u00f3n una fam\u00edlia de fideuers dedicada a l&#8217;ofici des del 1700. L&#8217;elaboraci\u00f3 dels seus productes encara \u00e9s artesanal. Ha estat tota una experi\u00e8ncia con\u00e8ixer aquesta f\u00e0brica.<\/p>\n<p>Despr\u00e9s hem visitat alguns dels lloc m\u00e9s emblem\u00e0tic de la Vila Termal de Caldes. Hem visitat la Font del Lle\u00f3, el safareig p\u00fablic d&#8217;aig\u00fces termals, les Termes Romanes&#8230; Al final hem acabat la visita al Parc de Can Rius, que ens ha encantat. El que m\u00e9s ens ha impressionat de tot \u00e9s que l&#8217;aigua de la Font del Lle\u00f3 brolla a 74\u00bac. COM CREMA!<\/p>\n<h3 class=\"post-title entry-title\"><a href=\"https:\/\/agora.xtec.cat\/ceipjoanmarquescasals\/wp-content\/uploads\/usu1790\/2019\/03\/DBA26964-D757-4712-B241-8B0D8D74748C.jpeg\"><img loading=\"lazy\" decoding=\"async\" class=\"size-full wp-image-1622 alignnone\" src=\"https:\/\/agora.xtec.cat\/ceipjoanmarquescasals\/wp-content\/uploads\/usu1790\/2019\/03\/DBA26964-D757-4712-B241-8B0D8D74748C.jpeg\" alt=\"\" width=\"1000\" height=\"749\" \/><\/a><\/h3>\n<p><a href=\"https:\/\/agora.xtec.cat\/ceipjoanmarquescasals\/wp-content\/uploads\/usu1790\/2019\/03\/7B236275-2AAA-442D-BDE6-F6646DA4C86D.jpeg\"><img loading=\"lazy\" decoding=\"async\" class=\"alignnone size-full wp-image-1610\" src=\"https:\/\/agora.xtec.cat\/ceipjoanmarquescasals\/wp-content\/uploads\/usu1790\/2019\/03\/7B236275-2AAA-442D-BDE6-F6646DA4C86D.jpeg\" alt=\"\" width=\"750\" height=\"1000\" \/><\/a><a href=\"https:\/\/agora.xtec.cat\/ceipjoanmarquescasals\/wp-content\/uploads\/usu1790\/2019\/03\/1F6C5179-4673-4536-9D79-5300CB269206.jpeg\"><img loading=\"lazy\" decoding=\"async\" class=\"alignnone size-large wp-image-1608\" src=\"https:\/\/agora.xtec.cat\/ceipjoanmarquescasals\/wp-content\/uploads\/usu1790\/2019\/03\/1F6C5179-4673-4536-9D79-5300CB269206-1024x768.jpeg\" alt=\"\" width=\"1024\" height=\"768\" \/><\/a><a href=\"https:\/\/agora.xtec.cat\/ceipjoanmarquescasals\/wp-content\/uploads\/usu1790\/2019\/03\/5A7619DB-538D-421C-885D-C6ED07DD877B.jpeg\"><img loading=\"lazy\" decoding=\"async\" class=\"alignnone size-full wp-image-1612\" src=\"https:\/\/agora.xtec.cat\/ceipjoanmarquescasals\/wp-content\/uploads\/usu1790\/2019\/03\/5A7619DB-538D-421C-885D-C6ED07DD877B.jpeg\" alt=\"\" width=\"1000\" height=\"749\" \/><\/a><a href=\"https:\/\/agora.xtec.cat\/ceipjoanmarquescasals\/wp-content\/uploads\/usu1790\/2019\/03\/FE355B9F-5352-42AB-A769-4B71D6790FFD.jpeg\"><img loading=\"lazy\" decoding=\"async\" class=\"alignnone size-full wp-image-1616\" src=\"https:\/\/agora.xtec.cat\/ceipjoanmarquescasals\/wp-content\/uploads\/usu1790\/2019\/03\/FE355B9F-5352-42AB-A769-4B71D6790FFD.jpeg\" alt=\"\" width=\"750\" height=\"1000\" \/><\/a><a href=\"https:\/\/agora.xtec.cat\/ceipjoanmarquescasals\/wp-content\/uploads\/usu1790\/2019\/03\/E6C14329-D38E-4930-BCEC-175B3FE56533.jpeg\"><img loading=\"lazy\" decoding=\"async\" class=\"alignnone size-full wp-image-1617\" src=\"https:\/\/agora.xtec.cat\/ceipjoanmarquescasals\/wp-content\/uploads\/usu1790\/2019\/03\/E6C14329-D38E-4930-BCEC-175B3FE56533.jpeg\" alt=\"\" width=\"750\" height=\"1000\" \/><\/a><a href=\"https:\/\/agora.xtec.cat\/ceipjoanmarquescasals\/wp-content\/uploads\/usu1790\/2019\/03\/89C57A18-3E99-4D14-B960-72DACB5B8510.jpeg\"><img loading=\"lazy\" decoding=\"async\" class=\"alignnone size-full wp-image-1618\" src=\"https:\/\/agora.xtec.cat\/ceipjoanmarquescasals\/wp-content\/uploads\/usu1790\/2019\/03\/89C57A18-3E99-4D14-B960-72DACB5B8510.jpeg\" alt=\"\" width=\"750\" height=\"1000\" \/><\/a><\/p>\n<p><a href=\"https:\/\/agora.xtec.cat\/ceipjoanmarquescasals\/wp-content\/uploads\/usu1790\/2019\/03\/E29489D3-1236-4E7D-8D1C-A1C5D6D7D2BF.jpeg\"><img loading=\"lazy\" decoding=\"async\" class=\"alignnone size-full wp-image-1611\" src=\"https:\/\/agora.xtec.cat\/ceipjoanmarquescasals\/wp-content\/uploads\/usu1790\/2019\/03\/E29489D3-1236-4E7D-8D1C-A1C5D6D7D2BF.jpeg\" alt=\"\" width=\"1000\" height=\"749\" \/><\/a> <a href=\"https:\/\/agora.xtec.cat\/ceipjoanmarquescasals\/wp-content\/uploads\/usu1790\/2019\/03\/caldes-2.jpg\"><img loading=\"lazy\" decoding=\"async\" class=\"alignnone size-large wp-image-1548\" src=\"https:\/\/agora.xtec.cat\/ceipjoanmarquescasals\/wp-content\/uploads\/usu1790\/2019\/03\/caldes-2-1024x768.jpg\" alt=\"\" width=\"1024\" height=\"768\" srcset=\"https:\/\/agora.xtec.cat\/ceipjoanmarquescasals\/wp-content\/uploads\/usu1790\/2019\/03\/caldes-2-1024x768.jpg 1024w, https:\/\/agora.xtec.cat\/ceipjoanmarquescasals\/wp-content\/uploads\/usu1790\/2019\/03\/caldes-2-300x225.jpg 300w, https:\/\/agora.xtec.cat\/ceipjoanmarquescasals\/wp-content\/uploads\/usu1790\/2019\/03\/caldes-2-768x576.jpg 768w, https:\/\/agora.xtec.cat\/ceipjoanmarquescasals\/wp-content\/uploads\/usu1790\/2019\/03\/caldes-2-200x150.jpg 200w\" sizes=\"auto, (max-width: 1024px) 100vw, 1024px\" \/><\/a> <a href=\"https:\/\/agora.xtec.cat\/ceipjoanmarquescasals\/wp-content\/uploads\/usu1790\/2019\/03\/caldes-3.jpg\"><img loading=\"lazy\" decoding=\"async\" class=\"alignnone size-large wp-image-1549\" src=\"https:\/\/agora.xtec.cat\/ceipjoanmarquescasals\/wp-content\/uploads\/usu1790\/2019\/03\/caldes-3-1024x768.jpg\" alt=\"\" width=\"1024\" height=\"768\" srcset=\"https:\/\/agora.xtec.cat\/ceipjoanmarquescasals\/wp-content\/uploads\/usu1790\/2019\/03\/caldes-3-1024x768.jpg 1024w, https:\/\/agora.xtec.cat\/ceipjoanmarquescasals\/wp-content\/uploads\/usu1790\/2019\/03\/caldes-3-300x225.jpg 300w, https:\/\/agora.xtec.cat\/ceipjoanmarquescasals\/wp-content\/uploads\/usu1790\/2019\/03\/caldes-3-768x576.jpg 768w, https:\/\/agora.xtec.cat\/ceipjoanmarquescasals\/wp-content\/uploads\/usu1790\/2019\/03\/caldes-3-200x150.jpg 200w\" sizes=\"auto, (max-width: 1024px) 100vw, 1024px\" \/><\/a><a href=\"https:\/\/agora.xtec.cat\/ceipjoanmarquescasals\/wp-content\/uploads\/usu1790\/2019\/03\/caldes-1.jpg\"><img loading=\"lazy\" decoding=\"async\" class=\"alignnone size-large wp-image-1547\" src=\"https:\/\/agora.xtec.cat\/ceipjoanmarquescasals\/wp-content\/uploads\/usu1790\/2019\/03\/caldes-1-1024x768.jpg\" alt=\"\" width=\"1024\" height=\"768\" srcset=\"https:\/\/agora.xtec.cat\/ceipjoanmarquescasals\/wp-content\/uploads\/usu1790\/2019\/03\/caldes-1-1024x768.jpg 1024w, https:\/\/agora.xtec.cat\/ceipjoanmarquescasals\/wp-content\/uploads\/usu1790\/2019\/03\/caldes-1-300x225.jpg 300w, https:\/\/agora.xtec.cat\/ceipjoanmarquescasals\/wp-content\/uploads\/usu1790\/2019\/03\/caldes-1-768x576.jpg 768w, https:\/\/agora.xtec.cat\/ceipjoanmarquescasals\/wp-content\/uploads\/usu1790\/2019\/03\/caldes-1-200x150.jpg 200w\" sizes=\"auto, (max-width: 1024px) 100vw, 1024px\" \/><\/a> <a href=\"https:\/\/agora.xtec.cat\/ceipjoanmarquescasals\/wp-content\/uploads\/usu1790\/2019\/03\/caldes-4.jpg\"><img loading=\"lazy\" decoding=\"async\" class=\"alignnone size-large wp-image-1550\" src=\"https:\/\/agora.xtec.cat\/ceipjoanmarquescasals\/wp-content\/uploads\/usu1790\/2019\/03\/caldes-4-1024x768.jpg\" alt=\"\" width=\"1024\" height=\"768\" srcset=\"https:\/\/agora.xtec.cat\/ceipjoanmarquescasals\/wp-content\/uploads\/usu1790\/2019\/03\/caldes-4-1024x768.jpg 1024w, https:\/\/agora.xtec.cat\/ceipjoanmarquescasals\/wp-content\/uploads\/usu1790\/2019\/03\/caldes-4-300x225.jpg 300w, https:\/\/agora.xtec.cat\/ceipjoanmarquescasals\/wp-content\/uploads\/usu1790\/2019\/03\/caldes-4-768x576.jpg 768w, https:\/\/agora.xtec.cat\/ceipjoanmarquescasals\/wp-content\/uploads\/usu1790\/2019\/03\/caldes-4-200x150.jpg 200w\" sizes=\"auto, (max-width: 1024px) 100vw, 1024px\" \/><\/a><a href=\"https:\/\/elcomidista.elpais.com\/elcomidista\/2015\/06\/16\/articulo\/1434454424_596972.html\" target=\"_blank\" rel=\"noopener noreferrer\"><img loading=\"lazy\" decoding=\"async\" class=\"alignnone size-full wp-image-1546\" src=\"https:\/\/agora.xtec.cat\/ceipjoanmarquescasals\/wp-content\/uploads\/usu1790\/2019\/03\/Sin-t\u00edtulo.png\" alt=\"\" width=\"280\" height=\"320\" srcset=\"https:\/\/agora.xtec.cat\/ceipjoanmarquescasals\/wp-content\/uploads\/usu1790\/2019\/03\/Sin-t\u00edtulo.png 280w, https:\/\/agora.xtec.cat\/ceipjoanmarquescasals\/wp-content\/uploads\/usu1790\/2019\/03\/Sin-t\u00edtulo-263x300.png 263w\" sizes=\"auto, (max-width: 280px) 100vw, 280px\" \/><\/a><\/p>\n<p><iframe loading=\"lazy\" src=\"https:\/\/www.youtube-nocookie.com\/embed\/O8U2HdAPiyc?controls=0\" width=\"560\" height=\"315\" frameborder=\"0\" allowfullscreen=\"allowfullscreen\"><\/iframe><\/p>\n","protected":false},"excerpt":{"rendered":"<p>VISITA A CALDES DE MONTBUI: Pastes Sanmart\u00ed<\/p>\n<p>Hola!!!<\/p>\n<p>Els nens i les nenes de tercer i quart hem visitat Caldes de Montbui. Hem fet un recorregut fant\u00e0stic per aquest bonic poble del Vall\u00e8s Oriental.<br \/>\nPrimer hem visitat la f\u00e0brica de pastes Sanmart\u00ed per con\u00e8ixer el proc\u00e9s de fabricaci\u00f3&hellip;  <a href=\"https:\/\/agora.xtec.cat\/ceipjoanmarquescasals\/any-2018-2019\/visita-a-caldes-de-montbui-pastes-sanmarti\/\" title=\"Read Visita a Caldes de Montbui: Pastes Sanmart\u00ed\">Llegeix m\u00e9s\u00bb<\/a><\/p>\n","protected":false},"author":35,"featured_media":1550,"comment_status":"open","ping_status":"closed","sticky":false,"template":"","format":"standard","meta":{"_bbp_topic_count":0,"_bbp_reply_count":0,"_bbp_total_topic_count":0,"_bbp_total_reply_count":0,"_bbp_voice_count":0,"_bbp_anonymous_reply_count":0,"_bbp_topic_count_hidden":0,"_bbp_reply_count_hidden":0,"_bbp_forum_subforum_count":0,"footnotes":""},"categories":[188],"tags":[152,94,16],"class_list":["post-1543","post","type-post","status-publish","format-standard","has-post-thumbnail","hentry","category-any-2018-2019","tag-caldes","tag-cicle-mitja","tag-sortides"],"post_mailing_queue_ids":[],"_links":{"self":[{"href":"https:\/\/agora.xtec.cat\/ceipjoanmarquescasals\/wp-json\/wp\/v2\/posts\/1543","targetHints":{"allow":["GET"]}}],"collection":[{"href":"https:\/\/agora.xtec.cat\/ceipjoanmarquescasals\/wp-json\/wp\/v2\/posts"}],"about":[{"href":"https:\/\/agora.xtec.cat\/ceipjoanmarquescasals\/wp-json\/wp\/v2\/types\/post"}],"author":[{"embeddable":true,"href":"https:\/\/agora.xtec.cat\/ceipjoanmarquescasals\/wp-json\/wp\/v2\/users\/35"}],"replies":[{"embeddable":true,"href":"https:\/\/agora.xtec.cat\/ceipjoanmarquescasals\/wp-json\/wp\/v2\/comments?post=1543"}],"version-history":[{"count":2,"href":"https:\/\/agora.xtec.cat\/ceipjoanmarquescasals\/wp-json\/wp\/v2\/posts\/1543\/revisions"}],"predecessor-version":[{"id":2307,"href":"https:\/\/agora.xtec.cat\/ceipjoanmarquescasals\/wp-json\/wp\/v2\/posts\/1543\/revisions\/2307"}],"wp:featuredmedia":[{"embeddable":true,"href":"https:\/\/agora.xtec.cat\/ceipjoanmarquescasals\/wp-json\/wp\/v2\/media\/1550"}],"wp:attachment":[{"href":"https:\/\/agora.xtec.cat\/ceipjoanmarquescasals\/wp-json\/wp\/v2\/media?parent=1543"}],"wp:term":[{"taxonomy":"category","embeddable":true,"href":"https:\/\/agora.xtec.cat\/ceipjoanmarquescasals\/wp-json\/wp\/v2\/categories?post=1543"},{"taxonomy":"post_tag","embeddable":true,"href":"https:\/\/agora.xtec.cat\/ceipjoanmarquescasals\/wp-json\/wp\/v2\/tags?post=1543"}],"curies":[{"name":"wp","href":"https:\/\/api.w.org\/{rel}","templated":true}]}}