{"id":1386,"date":"2019-02-28T19:00:33","date_gmt":"2019-02-28T18:00:33","guid":{"rendered":"http:\/\/agora.xtec.cat\/ceipjoanmarquescasals\/?p=1386"},"modified":"2019-10-01T15:40:38","modified_gmt":"2019-10-01T13:40:38","slug":"gimcana-al-cicle-mitja","status":"publish","type":"post","link":"https:\/\/agora.xtec.cat\/ceipjoanmarquescasals\/general\/gimcana-al-cicle-mitja\/","title":{"rendered":"Gimcana al cicle mitj\u00e0"},"content":{"rendered":"<p>Hola fam\u00edlies!!!<\/p>\n<p>Un cop m\u00e9s, el cicle mitj\u00e0 ha celebrat el Dijous Gras amb una gimcana de jocs que s&#8217;ha convertit en una tradici\u00f3. Tots els alumnes del cicle ens hem distribu\u00eft en vuit grups i hem anat passant per les diferents proves acompanyats de nens i nenes de totes les classes de tercer i quart. Com sempre, ha estat mot divertit i hem gaudit d&#8217;una tarda fant\u00e0stica. Moltes gr\u00e0cies a les fam\u00edlies que ens han ajudat a posar en pr\u00e0ctica la gimcana.<\/p>\n<p><a href=\"https:\/\/agora.xtec.cat\/ceipjoanmarquescasals\/wp-content\/uploads\/usu1790\/2019\/03\/gim-dijous-gras-19-3_3133x2350.jpg\"><img loading=\"lazy\" decoding=\"async\" class=\"alignnone size-large wp-image-1387\" src=\"https:\/\/agora.xtec.cat\/ceipjoanmarquescasals\/wp-content\/uploads\/usu1790\/2019\/03\/gim-dijous-gras-19-3_3133x2350-1024x768.jpg\" alt=\"\" width=\"1024\" height=\"768\" srcset=\"https:\/\/agora.xtec.cat\/ceipjoanmarquescasals\/wp-content\/uploads\/usu1790\/2019\/03\/gim-dijous-gras-19-3_3133x2350-1024x768.jpg 1024w, https:\/\/agora.xtec.cat\/ceipjoanmarquescasals\/wp-content\/uploads\/usu1790\/2019\/03\/gim-dijous-gras-19-3_3133x2350-300x225.jpg 300w, https:\/\/agora.xtec.cat\/ceipjoanmarquescasals\/wp-content\/uploads\/usu1790\/2019\/03\/gim-dijous-gras-19-3_3133x2350-768x576.jpg 768w, https:\/\/agora.xtec.cat\/ceipjoanmarquescasals\/wp-content\/uploads\/usu1790\/2019\/03\/gim-dijous-gras-19-3_3133x2350-200x150.jpg 200w\" sizes=\"auto, (max-width: 1024px) 100vw, 1024px\" \/><\/a> <a href=\"https:\/\/agora.xtec.cat\/ceipjoanmarquescasals\/wp-content\/uploads\/usu1790\/2019\/03\/gim-dijous-gras-19-6_3133x2350.jpg\"><img loading=\"lazy\" decoding=\"async\" class=\"alignnone size-large wp-image-1388\" src=\"https:\/\/agora.xtec.cat\/ceipjoanmarquescasals\/wp-content\/uploads\/usu1790\/2019\/03\/gim-dijous-gras-19-6_3133x2350-1024x768.jpg\" alt=\"\" width=\"1024\" height=\"768\" srcset=\"https:\/\/agora.xtec.cat\/ceipjoanmarquescasals\/wp-content\/uploads\/usu1790\/2019\/03\/gim-dijous-gras-19-6_3133x2350-1024x768.jpg 1024w, https:\/\/agora.xtec.cat\/ceipjoanmarquescasals\/wp-content\/uploads\/usu1790\/2019\/03\/gim-dijous-gras-19-6_3133x2350-300x225.jpg 300w, https:\/\/agora.xtec.cat\/ceipjoanmarquescasals\/wp-content\/uploads\/usu1790\/2019\/03\/gim-dijous-gras-19-6_3133x2350-768x576.jpg 768w, https:\/\/agora.xtec.cat\/ceipjoanmarquescasals\/wp-content\/uploads\/usu1790\/2019\/03\/gim-dijous-gras-19-6_3133x2350-200x150.jpg 200w\" sizes=\"auto, (max-width: 1024px) 100vw, 1024px\" \/><\/a> <a href=\"https:\/\/agora.xtec.cat\/ceipjoanmarquescasals\/wp-content\/uploads\/usu1790\/2019\/03\/gim-dijous-gras-19-9_3133x2350.jpg\"><img loading=\"lazy\" decoding=\"async\" class=\"alignnone size-large wp-image-1389\" src=\"https:\/\/agora.xtec.cat\/ceipjoanmarquescasals\/wp-content\/uploads\/usu1790\/2019\/03\/gim-dijous-gras-19-9_3133x2350-1024x768.jpg\" alt=\"\" width=\"1024\" height=\"768\" srcset=\"https:\/\/agora.xtec.cat\/ceipjoanmarquescasals\/wp-content\/uploads\/usu1790\/2019\/03\/gim-dijous-gras-19-9_3133x2350-1024x768.jpg 1024w, https:\/\/agora.xtec.cat\/ceipjoanmarquescasals\/wp-content\/uploads\/usu1790\/2019\/03\/gim-dijous-gras-19-9_3133x2350-300x225.jpg 300w, https:\/\/agora.xtec.cat\/ceipjoanmarquescasals\/wp-content\/uploads\/usu1790\/2019\/03\/gim-dijous-gras-19-9_3133x2350-768x576.jpg 768w, https:\/\/agora.xtec.cat\/ceipjoanmarquescasals\/wp-content\/uploads\/usu1790\/2019\/03\/gim-dijous-gras-19-9_3133x2350-200x150.jpg 200w\" sizes=\"auto, (max-width: 1024px) 100vw, 1024px\" \/><\/a> <a href=\"https:\/\/agora.xtec.cat\/ceipjoanmarquescasals\/wp-content\/uploads\/usu1790\/2019\/03\/gim-dijous-gras-19-10_3133x2350.jpg\"><img loading=\"lazy\" decoding=\"async\" class=\"alignnone size-large wp-image-1390\" src=\"https:\/\/agora.xtec.cat\/ceipjoanmarquescasals\/wp-content\/uploads\/usu1790\/2019\/03\/gim-dijous-gras-19-10_3133x2350-1024x768.jpg\" alt=\"\" width=\"1024\" height=\"768\" srcset=\"https:\/\/agora.xtec.cat\/ceipjoanmarquescasals\/wp-content\/uploads\/usu1790\/2019\/03\/gim-dijous-gras-19-10_3133x2350-1024x768.jpg 1024w, https:\/\/agora.xtec.cat\/ceipjoanmarquescasals\/wp-content\/uploads\/usu1790\/2019\/03\/gim-dijous-gras-19-10_3133x2350-300x225.jpg 300w, https:\/\/agora.xtec.cat\/ceipjoanmarquescasals\/wp-content\/uploads\/usu1790\/2019\/03\/gim-dijous-gras-19-10_3133x2350-768x576.jpg 768w, https:\/\/agora.xtec.cat\/ceipjoanmarquescasals\/wp-content\/uploads\/usu1790\/2019\/03\/gim-dijous-gras-19-10_3133x2350-200x150.jpg 200w\" sizes=\"auto, (max-width: 1024px) 100vw, 1024px\" \/><\/a> <a href=\"https:\/\/agora.xtec.cat\/ceipjoanmarquescasals\/wp-content\/uploads\/usu1790\/2019\/03\/gim-dijous-gras-19-11_3133x2350.jpg\"><img loading=\"lazy\" decoding=\"async\" class=\"alignnone size-large wp-image-1391\" src=\"https:\/\/agora.xtec.cat\/ceipjoanmarquescasals\/wp-content\/uploads\/usu1790\/2019\/03\/gim-dijous-gras-19-11_3133x2350-1024x768.jpg\" alt=\"\" width=\"1024\" height=\"768\" srcset=\"https:\/\/agora.xtec.cat\/ceipjoanmarquescasals\/wp-content\/uploads\/usu1790\/2019\/03\/gim-dijous-gras-19-11_3133x2350-1024x768.jpg 1024w, https:\/\/agora.xtec.cat\/ceipjoanmarquescasals\/wp-content\/uploads\/usu1790\/2019\/03\/gim-dijous-gras-19-11_3133x2350-300x225.jpg 300w, https:\/\/agora.xtec.cat\/ceipjoanmarquescasals\/wp-content\/uploads\/usu1790\/2019\/03\/gim-dijous-gras-19-11_3133x2350-768x576.jpg 768w, https:\/\/agora.xtec.cat\/ceipjoanmarquescasals\/wp-content\/uploads\/usu1790\/2019\/03\/gim-dijous-gras-19-11_3133x2350-200x150.jpg 200w\" sizes=\"auto, (max-width: 1024px) 100vw, 1024px\" \/><\/a> <a href=\"https:\/\/agora.xtec.cat\/ceipjoanmarquescasals\/wp-content\/uploads\/usu1790\/2019\/03\/gim-dijous-gras-19-13_3133x2350.jpg\"><img loading=\"lazy\" decoding=\"async\" class=\"alignnone size-large wp-image-1392\" src=\"https:\/\/agora.xtec.cat\/ceipjoanmarquescasals\/wp-content\/uploads\/usu1790\/2019\/03\/gim-dijous-gras-19-13_3133x2350-1024x768.jpg\" alt=\"\" width=\"1024\" height=\"768\" srcset=\"https:\/\/agora.xtec.cat\/ceipjoanmarquescasals\/wp-content\/uploads\/usu1790\/2019\/03\/gim-dijous-gras-19-13_3133x2350-1024x768.jpg 1024w, https:\/\/agora.xtec.cat\/ceipjoanmarquescasals\/wp-content\/uploads\/usu1790\/2019\/03\/gim-dijous-gras-19-13_3133x2350-300x225.jpg 300w, https:\/\/agora.xtec.cat\/ceipjoanmarquescasals\/wp-content\/uploads\/usu1790\/2019\/03\/gim-dijous-gras-19-13_3133x2350-768x576.jpg 768w, https:\/\/agora.xtec.cat\/ceipjoanmarquescasals\/wp-content\/uploads\/usu1790\/2019\/03\/gim-dijous-gras-19-13_3133x2350-200x150.jpg 200w\" sizes=\"auto, (max-width: 1024px) 100vw, 1024px\" \/><\/a> <a href=\"https:\/\/agora.xtec.cat\/ceipjoanmarquescasals\/wp-content\/uploads\/usu1790\/2019\/03\/gim-dijous-gras-19-14_3133x2350.jpg\"><img loading=\"lazy\" decoding=\"async\" class=\"alignnone size-large wp-image-1393\" src=\"https:\/\/agora.xtec.cat\/ceipjoanmarquescasals\/wp-content\/uploads\/usu1790\/2019\/03\/gim-dijous-gras-19-14_3133x2350-1024x768.jpg\" alt=\"\" width=\"1024\" height=\"768\" srcset=\"https:\/\/agora.xtec.cat\/ceipjoanmarquescasals\/wp-content\/uploads\/usu1790\/2019\/03\/gim-dijous-gras-19-14_3133x2350-1024x768.jpg 1024w, https:\/\/agora.xtec.cat\/ceipjoanmarquescasals\/wp-content\/uploads\/usu1790\/2019\/03\/gim-dijous-gras-19-14_3133x2350-300x225.jpg 300w, https:\/\/agora.xtec.cat\/ceipjoanmarquescasals\/wp-content\/uploads\/usu1790\/2019\/03\/gim-dijous-gras-19-14_3133x2350-768x576.jpg 768w, https:\/\/agora.xtec.cat\/ceipjoanmarquescasals\/wp-content\/uploads\/usu1790\/2019\/03\/gim-dijous-gras-19-14_3133x2350-200x150.jpg 200w\" sizes=\"auto, (max-width: 1024px) 100vw, 1024px\" \/><\/a> <a href=\"https:\/\/agora.xtec.cat\/ceipjoanmarquescasals\/wp-content\/uploads\/usu1790\/2019\/03\/gim-dijous-gras-19-18_2350x3133.jpg\"><img loading=\"lazy\" decoding=\"async\" class=\"alignnone size-large wp-image-1394\" src=\"https:\/\/agora.xtec.cat\/ceipjoanmarquescasals\/wp-content\/uploads\/usu1790\/2019\/03\/gim-dijous-gras-19-18_2350x3133-768x1024.jpg\" alt=\"\" width=\"768\" height=\"1024\" srcset=\"https:\/\/agora.xtec.cat\/ceipjoanmarquescasals\/wp-content\/uploads\/usu1790\/2019\/03\/gim-dijous-gras-19-18_2350x3133-768x1024.jpg 768w, https:\/\/agora.xtec.cat\/ceipjoanmarquescasals\/wp-content\/uploads\/usu1790\/2019\/03\/gim-dijous-gras-19-18_2350x3133-225x300.jpg 225w\" sizes=\"auto, (max-width: 768px) 100vw, 768px\" \/><\/a> <a href=\"https:\/\/agora.xtec.cat\/ceipjoanmarquescasals\/wp-content\/uploads\/usu1790\/2019\/03\/gim-dijous-gras-19-19_3133x2350.jpg\"><img loading=\"lazy\" decoding=\"async\" class=\"alignnone size-large wp-image-1395\" src=\"https:\/\/agora.xtec.cat\/ceipjoanmarquescasals\/wp-content\/uploads\/usu1790\/2019\/03\/gim-dijous-gras-19-19_3133x2350-1024x768.jpg\" alt=\"\" width=\"1024\" height=\"768\" srcset=\"https:\/\/agora.xtec.cat\/ceipjoanmarquescasals\/wp-content\/uploads\/usu1790\/2019\/03\/gim-dijous-gras-19-19_3133x2350-1024x768.jpg 1024w, https:\/\/agora.xtec.cat\/ceipjoanmarquescasals\/wp-content\/uploads\/usu1790\/2019\/03\/gim-dijous-gras-19-19_3133x2350-300x225.jpg 300w, https:\/\/agora.xtec.cat\/ceipjoanmarquescasals\/wp-content\/uploads\/usu1790\/2019\/03\/gim-dijous-gras-19-19_3133x2350-768x576.jpg 768w, https:\/\/agora.xtec.cat\/ceipjoanmarquescasals\/wp-content\/uploads\/usu1790\/2019\/03\/gim-dijous-gras-19-19_3133x2350-200x150.jpg 200w\" sizes=\"auto, (max-width: 1024px) 100vw, 1024px\" \/><\/a><\/p>\n","protected":false},"excerpt":{"rendered":"<p>Hola fam\u00edlies!!!<br \/>\nUn cop m\u00e9s, el cicle mitj\u00e0 ha celebrat el Dijous Gras amb una gimcana de jocs que s&#8217;ha convertit en una tradici\u00f3. Tots els alumnes del cicle ens hem distribu\u00eft en vuit grups i hem anat passant per les diferents proves acompanyats de nens&hellip;  <a href=\"https:\/\/agora.xtec.cat\/ceipjoanmarquescasals\/general\/gimcana-al-cicle-mitja\/\" title=\"Read Gimcana al cicle mitj\u00e0\">Llegeix m\u00e9s\u00bb<\/a><\/p>\n","protected":false},"author":35,"featured_media":1395,"comment_status":"open","ping_status":"closed","sticky":false,"template":"","format":"standard","meta":{"_bbp_topic_count":0,"_bbp_reply_count":0,"_bbp_total_topic_count":0,"_bbp_total_reply_count":0,"_bbp_voice_count":0,"_bbp_anonymous_reply_count":0,"_bbp_topic_count_hidden":0,"_bbp_reply_count_hidden":0,"_bbp_forum_subforum_count":0,"footnotes":""},"categories":[188,1],"tags":[94,147,146,148],"class_list":["post-1386","post","type-post","status-publish","format-standard","has-post-thumbnail","hentry","category-any-2018-2019","category-general","tag-cicle-mitja","tag-dijous-gras","tag-festes","tag-gimcana"],"post_mailing_queue_ids":[],"_links":{"self":[{"href":"https:\/\/agora.xtec.cat\/ceipjoanmarquescasals\/wp-json\/wp\/v2\/posts\/1386","targetHints":{"allow":["GET"]}}],"collection":[{"href":"https:\/\/agora.xtec.cat\/ceipjoanmarquescasals\/wp-json\/wp\/v2\/posts"}],"about":[{"href":"https:\/\/agora.xtec.cat\/ceipjoanmarquescasals\/wp-json\/wp\/v2\/types\/post"}],"author":[{"embeddable":true,"href":"https:\/\/agora.xtec.cat\/ceipjoanmarquescasals\/wp-json\/wp\/v2\/users\/35"}],"replies":[{"embeddable":true,"href":"https:\/\/agora.xtec.cat\/ceipjoanmarquescasals\/wp-json\/wp\/v2\/comments?post=1386"}],"version-history":[{"count":1,"href":"https:\/\/agora.xtec.cat\/ceipjoanmarquescasals\/wp-json\/wp\/v2\/posts\/1386\/revisions"}],"predecessor-version":[{"id":1396,"href":"https:\/\/agora.xtec.cat\/ceipjoanmarquescasals\/wp-json\/wp\/v2\/posts\/1386\/revisions\/1396"}],"wp:featuredmedia":[{"embeddable":true,"href":"https:\/\/agora.xtec.cat\/ceipjoanmarquescasals\/wp-json\/wp\/v2\/media\/1395"}],"wp:attachment":[{"href":"https:\/\/agora.xtec.cat\/ceipjoanmarquescasals\/wp-json\/wp\/v2\/media?parent=1386"}],"wp:term":[{"taxonomy":"category","embeddable":true,"href":"https:\/\/agora.xtec.cat\/ceipjoanmarquescasals\/wp-json\/wp\/v2\/categories?post=1386"},{"taxonomy":"post_tag","embeddable":true,"href":"https:\/\/agora.xtec.cat\/ceipjoanmarquescasals\/wp-json\/wp\/v2\/tags?post=1386"}],"curies":[{"name":"wp","href":"https:\/\/api.w.org\/{rel}","templated":true}]}}