{"id":1143,"date":"2019-03-17T16:14:24","date_gmt":"2019-03-17T15:14:24","guid":{"rendered":"http:\/\/agora.xtec.cat\/ceipjoanmarquescasals\/?p=1143"},"modified":"2019-10-01T15:36:57","modified_gmt":"2019-10-01T13:36:57","slug":"jornada-de-portes-obertes-18-de-marc-15-15h","status":"publish","type":"post","link":"https:\/\/agora.xtec.cat\/ceipjoanmarquescasals\/general\/jornada-de-portes-obertes-18-de-marc-15-15h\/","title":{"rendered":"Avui 18 de mar\u00e7 celebrem la Jornada de Portes Obertes a les 15.15h"},"content":{"rendered":"<p>Avui\u00a0 <strong>dilluns 18 de mar\u00e7<\/strong> l\u2019escola obrir\u00e0 les portes perqu\u00e8 les fam\u00edlies interessades a matricular un alumne el proper curs 2019\/20 puguin con\u00e8ixer les instal\u00b7lacions, el projecte educatiu i la din\u00e0mica de funcionament. Ens trobarem <strong>a les 15:15h a l\u2019entrada de l\u2019edifici d\u2019Educaci\u00f3 Prim\u00e0ria. <\/strong>All\u00e0 hi farem un recorregut pels diferents espais de prim\u00e0ria i d\u00b4infantil.<\/p>\n<p>El curs vinent s\u2019han d\u2019incorporar al sistema educatiu els alumnes nascuts durant l\u2019any 2016. <strong>Les preinscripcions es realitzaran del 29 de mar\u00e7 al 9 d\u2019abril<\/strong>.<\/p>\n<p>Us agrairem compartiu aquesta informaci\u00f3 amb totes les fam\u00edlies que creieu puguin estar interessades en incorporar-se a l\u2019escola el curs vinent.<\/p>\n<p><a href=\"https:\/\/agora.xtec.cat\/ceipjoanmarquescasals\/wp-content\/uploads\/usu1790\/2019\/02\/piza_joanmarques-ok-1-1.jpg\"><img loading=\"lazy\" decoding=\"async\" class=\"alignnone wp-image-1240 size-medium\" src=\"https:\/\/agora.xtec.cat\/ceipjoanmarquescasals\/wp-content\/uploads\/usu1790\/2019\/02\/piza_joanmarques-ok-1-1-300x293.jpg\" alt=\"\" width=\"300\" height=\"293\" srcset=\"https:\/\/agora.xtec.cat\/ceipjoanmarquescasals\/wp-content\/uploads\/usu1790\/2019\/02\/piza_joanmarques-ok-1-1-300x293.jpg 300w, https:\/\/agora.xtec.cat\/ceipjoanmarquescasals\/wp-content\/uploads\/usu1790\/2019\/02\/piza_joanmarques-ok-1-1-768x750.jpg 768w, https:\/\/agora.xtec.cat\/ceipjoanmarquescasals\/wp-content\/uploads\/usu1790\/2019\/02\/piza_joanmarques-ok-1-1-1024x1000.jpg 1024w, https:\/\/agora.xtec.cat\/ceipjoanmarquescasals\/wp-content\/uploads\/usu1790\/2019\/02\/piza_joanmarques-ok-1-1.jpg 1090w\" sizes=\"auto, (max-width: 300px) 100vw, 300px\" \/><\/a><\/p>\n<p>&nbsp;<\/p>\n","protected":false},"excerpt":{"rendered":"<p>Avui\u00a0 dilluns 18 de mar\u00e7 l\u2019escola obrir\u00e0 les portes perqu\u00e8 les fam\u00edlies interessades a matricular un alumne el proper curs 2019\/20 puguin con\u00e8ixer les instal\u00b7lacions, el projecte educatiu i la din\u00e0mica de funcionament. Ens trobarem a les 15:15h a l\u2019entrada de l\u2019edifici d\u2019Educaci\u00f3 Prim\u00e0ria. All\u00e0&hellip;  <a href=\"https:\/\/agora.xtec.cat\/ceipjoanmarquescasals\/general\/jornada-de-portes-obertes-18-de-marc-15-15h\/\" title=\"Read Avui 18 de mar\u00e7 celebrem la Jornada de Portes Obertes a les 15.15h\">Llegeix m\u00e9s\u00bb<\/a><\/p>\n","protected":false},"author":1,"featured_media":1230,"comment_status":"open","ping_status":"closed","sticky":false,"template":"","format":"standard","meta":{"_bbp_topic_count":0,"_bbp_reply_count":0,"_bbp_total_topic_count":0,"_bbp_total_reply_count":0,"_bbp_voice_count":0,"_bbp_anonymous_reply_count":0,"_bbp_topic_count_hidden":0,"_bbp_reply_count_hidden":0,"_bbp_forum_subforum_count":0,"footnotes":""},"categories":[188,1],"tags":[],"class_list":["post-1143","post","type-post","status-publish","format-standard","has-post-thumbnail","hentry","category-any-2018-2019","category-general"],"post_mailing_queue_ids":[],"_links":{"self":[{"href":"https:\/\/agora.xtec.cat\/ceipjoanmarquescasals\/wp-json\/wp\/v2\/posts\/1143","targetHints":{"allow":["GET"]}}],"collection":[{"href":"https:\/\/agora.xtec.cat\/ceipjoanmarquescasals\/wp-json\/wp\/v2\/posts"}],"about":[{"href":"https:\/\/agora.xtec.cat\/ceipjoanmarquescasals\/wp-json\/wp\/v2\/types\/post"}],"author":[{"embeddable":true,"href":"https:\/\/agora.xtec.cat\/ceipjoanmarquescasals\/wp-json\/wp\/v2\/users\/1"}],"replies":[{"embeddable":true,"href":"https:\/\/agora.xtec.cat\/ceipjoanmarquescasals\/wp-json\/wp\/v2\/comments?post=1143"}],"version-history":[{"count":3,"href":"https:\/\/agora.xtec.cat\/ceipjoanmarquescasals\/wp-json\/wp\/v2\/posts\/1143\/revisions"}],"predecessor-version":[{"id":1519,"href":"https:\/\/agora.xtec.cat\/ceipjoanmarquescasals\/wp-json\/wp\/v2\/posts\/1143\/revisions\/1519"}],"wp:featuredmedia":[{"embeddable":true,"href":"https:\/\/agora.xtec.cat\/ceipjoanmarquescasals\/wp-json\/wp\/v2\/media\/1230"}],"wp:attachment":[{"href":"https:\/\/agora.xtec.cat\/ceipjoanmarquescasals\/wp-json\/wp\/v2\/media?parent=1143"}],"wp:term":[{"taxonomy":"category","embeddable":true,"href":"https:\/\/agora.xtec.cat\/ceipjoanmarquescasals\/wp-json\/wp\/v2\/categories?post=1143"},{"taxonomy":"post_tag","embeddable":true,"href":"https:\/\/agora.xtec.cat\/ceipjoanmarquescasals\/wp-json\/wp\/v2\/tags?post=1143"}],"curies":[{"name":"wp","href":"https:\/\/api.w.org\/{rel}","templated":true}]}}