{"id":1058,"date":"2019-02-11T22:09:45","date_gmt":"2019-02-11T21:09:45","guid":{"rendered":"http:\/\/agora.xtec.cat\/ceipjoanmarquescasals\/?p=1058"},"modified":"2019-10-01T15:45:50","modified_gmt":"2019-10-01T13:45:50","slug":"el-mon-roma-fem-mosaics-a-quart","status":"publish","type":"post","link":"https:\/\/agora.xtec.cat\/ceipjoanmarquescasals\/general\/el-mon-roma-fem-mosaics-a-quart\/","title":{"rendered":"EL M\u00d3N ROM\u00c0. FEM MOSAICS A QUART."},"content":{"rendered":"<p>Hola a tothom!!!!<br \/>\n<img loading=\"lazy\" decoding=\"async\" class=\"alignright\" src=\"https:\/\/2.bp.blogspot.com\/-4Nb-HetVVr0\/Wos0d3ESBMI\/AAAAAAAACWk\/CNO7Men5ruUDimsmIpXh7p7vTyYytZkZwCLcBGAs\/s1600\/roma-24.gif\" width=\"257\" height=\"161\" border=\"0\" data-original-height=\"130\" data-original-width=\"208\" \/><br \/>\nAvui ens ha visitat l&#8217;Abigail, la mare del nostre company Pablo, per fer-nos un taller interessant\u00edssim sobre el m\u00f3n rom\u00e0. Ens ha explicat com s&#8217;organitzaven els romans, com era la vida a les ciutats i viles romanes, quines s\u00f3n les principals aportacions dels romans a la nostra cultura&#8230;<\/p>\n<p>Despr\u00e9s, cadasc\u00fa de nosaltres hem fet un mosaic utilitzant t\u00e8cniques i dissenys del m\u00f3n antic.<\/p>\n<p>Ha estat una activitat molt divertida i hem apr\u00e8s moltes coses dels nostres avantpassats romans.<\/p>\n<p>Moltes gr\u00e0cies, ha estat genial!!!!!!!!!!!!!!!!!!!!!<\/p>\n<p><a href=\"https:\/\/agora.xtec.cat\/ceipjoanmarquescasals\/wp-content\/uploads\/usu1790\/2019\/02\/Mosaic-3_3133x2350.jpg\"><img loading=\"lazy\" decoding=\"async\" class=\"alignnone size-large wp-image-1059\" src=\"https:\/\/agora.xtec.cat\/ceipjoanmarquescasals\/wp-content\/uploads\/usu1790\/2019\/02\/Mosaic-3_3133x2350-1024x768.jpg\" alt=\"\" width=\"1024\" height=\"768\" srcset=\"https:\/\/agora.xtec.cat\/ceipjoanmarquescasals\/wp-content\/uploads\/usu1790\/2019\/02\/Mosaic-3_3133x2350-1024x768.jpg 1024w, https:\/\/agora.xtec.cat\/ceipjoanmarquescasals\/wp-content\/uploads\/usu1790\/2019\/02\/Mosaic-3_3133x2350-300x225.jpg 300w, https:\/\/agora.xtec.cat\/ceipjoanmarquescasals\/wp-content\/uploads\/usu1790\/2019\/02\/Mosaic-3_3133x2350-768x576.jpg 768w, https:\/\/agora.xtec.cat\/ceipjoanmarquescasals\/wp-content\/uploads\/usu1790\/2019\/02\/Mosaic-3_3133x2350-200x150.jpg 200w\" sizes=\"auto, (max-width: 1024px) 100vw, 1024px\" \/><\/a> <a href=\"https:\/\/agora.xtec.cat\/ceipjoanmarquescasals\/wp-content\/uploads\/usu1790\/2019\/02\/Mosaic-5_2350x3133.jpg\"><img loading=\"lazy\" decoding=\"async\" class=\"alignnone size-large wp-image-1060\" src=\"https:\/\/agora.xtec.cat\/ceipjoanmarquescasals\/wp-content\/uploads\/usu1790\/2019\/02\/Mosaic-5_2350x3133-768x1024.jpg\" alt=\"\" width=\"768\" height=\"1024\" srcset=\"https:\/\/agora.xtec.cat\/ceipjoanmarquescasals\/wp-content\/uploads\/usu1790\/2019\/02\/Mosaic-5_2350x3133-768x1024.jpg 768w, https:\/\/agora.xtec.cat\/ceipjoanmarquescasals\/wp-content\/uploads\/usu1790\/2019\/02\/Mosaic-5_2350x3133-225x300.jpg 225w\" sizes=\"auto, (max-width: 768px) 100vw, 768px\" \/><\/a> <a href=\"https:\/\/agora.xtec.cat\/ceipjoanmarquescasals\/wp-content\/uploads\/usu1790\/2019\/02\/Mosaic-7_2350x3133.jpg\"><img loading=\"lazy\" decoding=\"async\" class=\"alignnone size-large wp-image-1061\" src=\"https:\/\/agora.xtec.cat\/ceipjoanmarquescasals\/wp-content\/uploads\/usu1790\/2019\/02\/Mosaic-7_2350x3133-768x1024.jpg\" alt=\"\" width=\"768\" height=\"1024\" srcset=\"https:\/\/agora.xtec.cat\/ceipjoanmarquescasals\/wp-content\/uploads\/usu1790\/2019\/02\/Mosaic-7_2350x3133-768x1024.jpg 768w, https:\/\/agora.xtec.cat\/ceipjoanmarquescasals\/wp-content\/uploads\/usu1790\/2019\/02\/Mosaic-7_2350x3133-225x300.jpg 225w\" sizes=\"auto, (max-width: 768px) 100vw, 768px\" \/><\/a> <a href=\"https:\/\/agora.xtec.cat\/ceipjoanmarquescasals\/wp-content\/uploads\/usu1790\/2019\/02\/Mosaic-8_2350x3133.jpg\"><img loading=\"lazy\" decoding=\"async\" class=\"alignnone size-large wp-image-1062\" src=\"https:\/\/agora.xtec.cat\/ceipjoanmarquescasals\/wp-content\/uploads\/usu1790\/2019\/02\/Mosaic-8_2350x3133-768x1024.jpg\" alt=\"\" width=\"768\" height=\"1024\" srcset=\"https:\/\/agora.xtec.cat\/ceipjoanmarquescasals\/wp-content\/uploads\/usu1790\/2019\/02\/Mosaic-8_2350x3133-768x1024.jpg 768w, https:\/\/agora.xtec.cat\/ceipjoanmarquescasals\/wp-content\/uploads\/usu1790\/2019\/02\/Mosaic-8_2350x3133-225x300.jpg 225w\" sizes=\"auto, (max-width: 768px) 100vw, 768px\" \/><\/a> <a href=\"https:\/\/agora.xtec.cat\/ceipjoanmarquescasals\/wp-content\/uploads\/usu1790\/2019\/02\/Mosaic-9_2350x3133.jpg\"><img loading=\"lazy\" decoding=\"async\" class=\"alignnone size-large wp-image-1063\" src=\"https:\/\/agora.xtec.cat\/ceipjoanmarquescasals\/wp-content\/uploads\/usu1790\/2019\/02\/Mosaic-9_2350x3133-768x1024.jpg\" alt=\"\" width=\"768\" height=\"1024\" srcset=\"https:\/\/agora.xtec.cat\/ceipjoanmarquescasals\/wp-content\/uploads\/usu1790\/2019\/02\/Mosaic-9_2350x3133-768x1024.jpg 768w, https:\/\/agora.xtec.cat\/ceipjoanmarquescasals\/wp-content\/uploads\/usu1790\/2019\/02\/Mosaic-9_2350x3133-225x300.jpg 225w\" sizes=\"auto, (max-width: 768px) 100vw, 768px\" \/><\/a><\/p>\n","protected":false},"excerpt":{"rendered":"<p>Hola a tothom!!!!<\/p>\n<p>Avui ens ha visitat l&#8217;Abigail, la mare del nostre company Pablo, per fer-nos un taller interessant\u00edssim sobre el m\u00f3n rom\u00e0. Ens ha explicat com s&#8217;organitzaven els romans, com era la vida a les ciutats i viles romanes, quines s\u00f3n les principals aportacions dels&hellip;  <a href=\"https:\/\/agora.xtec.cat\/ceipjoanmarquescasals\/general\/el-mon-roma-fem-mosaics-a-quart\/\" title=\"Read EL M\u00d3N ROM\u00c0. FEM MOSAICS A QUART.\">Llegeix m\u00e9s\u00bb<\/a><\/p>\n","protected":false},"author":35,"featured_media":1060,"comment_status":"open","ping_status":"closed","sticky":false,"template":"","format":"standard","meta":{"_bbp_topic_count":0,"_bbp_reply_count":0,"_bbp_total_topic_count":0,"_bbp_total_reply_count":0,"_bbp_voice_count":0,"_bbp_anonymous_reply_count":0,"_bbp_topic_count_hidden":0,"_bbp_reply_count_hidden":0,"_bbp_forum_subforum_count":0,"footnotes":""},"categories":[188,1],"tags":[94,126,17],"class_list":["post-1058","post","type-post","status-publish","format-standard","has-post-thumbnail","hentry","category-any-2018-2019","category-general","tag-cicle-mitja","tag-historia","tag-plastica"],"post_mailing_queue_ids":[],"_links":{"self":[{"href":"https:\/\/agora.xtec.cat\/ceipjoanmarquescasals\/wp-json\/wp\/v2\/posts\/1058","targetHints":{"allow":["GET"]}}],"collection":[{"href":"https:\/\/agora.xtec.cat\/ceipjoanmarquescasals\/wp-json\/wp\/v2\/posts"}],"about":[{"href":"https:\/\/agora.xtec.cat\/ceipjoanmarquescasals\/wp-json\/wp\/v2\/types\/post"}],"author":[{"embeddable":true,"href":"https:\/\/agora.xtec.cat\/ceipjoanmarquescasals\/wp-json\/wp\/v2\/users\/35"}],"replies":[{"embeddable":true,"href":"https:\/\/agora.xtec.cat\/ceipjoanmarquescasals\/wp-json\/wp\/v2\/comments?post=1058"}],"version-history":[{"count":1,"href":"https:\/\/agora.xtec.cat\/ceipjoanmarquescasals\/wp-json\/wp\/v2\/posts\/1058\/revisions"}],"predecessor-version":[{"id":1064,"href":"https:\/\/agora.xtec.cat\/ceipjoanmarquescasals\/wp-json\/wp\/v2\/posts\/1058\/revisions\/1064"}],"wp:featuredmedia":[{"embeddable":true,"href":"https:\/\/agora.xtec.cat\/ceipjoanmarquescasals\/wp-json\/wp\/v2\/media\/1060"}],"wp:attachment":[{"href":"https:\/\/agora.xtec.cat\/ceipjoanmarquescasals\/wp-json\/wp\/v2\/media?parent=1058"}],"wp:term":[{"taxonomy":"category","embeddable":true,"href":"https:\/\/agora.xtec.cat\/ceipjoanmarquescasals\/wp-json\/wp\/v2\/categories?post=1058"},{"taxonomy":"post_tag","embeddable":true,"href":"https:\/\/agora.xtec.cat\/ceipjoanmarquescasals\/wp-json\/wp\/v2\/tags?post=1058"}],"curies":[{"name":"wp","href":"https:\/\/api.w.org\/{rel}","templated":true}]}}