{"id":1016,"date":"2019-02-07T10:36:24","date_gmt":"2019-02-07T09:36:24","guid":{"rendered":"http:\/\/agora.xtec.cat\/ceipjoanmarquescasals\/?p=1016"},"modified":"2019-10-01T15:46:12","modified_gmt":"2019-10-01T13:46:12","slug":"lhora-del-conte-a-la-bd6","status":"publish","type":"post","link":"https:\/\/agora.xtec.cat\/ceipjoanmarquescasals\/general\/lhora-del-conte-a-la-bd6\/","title":{"rendered":"L&#8217;hora del conte amb mares de l&#8217;escola (BD6)"},"content":{"rendered":"<p>Hola fam\u00edlies,<\/p>\n<p>Des de fa alguns anys, l&#8217;escola intenta realitzar algunes activitats conjuntament amb la biblioteca p\u00fablica del nostre districte. Ja sabeu que cada mes a la biblioteca es fa \u201cl\u2019Hora del conte\u201d, on podeu gaudir de la tradici\u00f3 d&#8217;explicar contes i hist\u00f2ries per als m\u00e9s petits i per als que ja no ho s\u00f3n tant. Cada any, la biblioteca ens demana que una d&#8217;aquestes hores del conte sigui realitzada per algunes mares o pares de la nostra escola i expliquin contes t\u00edpics del seu pa\u00eds.<\/p>\n<p>Aix\u00ed doncs, aquest dimarts hem tingut la sort de poder comptar amb la col\u00b7laboraci\u00f3 de tres mares de l&#8217;escola que ens han llegit tres contes.<\/p>\n<p>L\u2019Afifa, que \u00e9s la mama de la Noor i de l\u2019Othman, va llegir dos llibres en catal\u00e0; el primer ens va ensenyar coses de la cultura marroquina i l&#8217;altre ens parlava d&#8217;una hist\u00f2ria molt bonica ambientada a l&#8217;\u00c0frica sobre una nena cega. Despr\u00e9s, la F\u00e0tima, que \u00e9s la mama de la Imane i la Kaoutar, ens va llegir un conte en \u00e0rab. Qu\u00e8 dif\u00edcil va ser intentar entendre el conte!!! Per aix\u00f2, la Saida, que \u00e9s la mama del Mohamed i l\u2019Arwa, ens el va traduir al castell\u00e0 despr\u00e9s. Les tres mames estaven molt nervioses, per\u00f2 ho van fer molt b\u00e9. Ens van agradar molt els tres contes que van explicar.<\/p>\n<p>Volem agrair la participaci\u00f3 d&#8217;aquestes mares i us animem a participar l&#8217;any vinent en aquesta experi\u00e8ncia que \u00e9s molt bonica i interessant ja que ens ajuda a con\u00e8ixer contes d&#8217;altres pa\u00efsos.<\/p>\n<p><a href=\"https:\/\/agora.xtec.cat\/ceipjoanmarquescasals\/wp-content\/uploads\/usu1790\/2019\/02\/20190205_181155-reduida.jpg\"><img loading=\"lazy\" decoding=\"async\" class=\" wp-image-1017 alignleft\" src=\"https:\/\/agora.xtec.cat\/ceipjoanmarquescasals\/wp-content\/uploads\/usu1790\/2019\/02\/20190205_181155-reduida.jpg\" alt=\"\" width=\"442\" height=\"589\" srcset=\"https:\/\/agora.xtec.cat\/ceipjoanmarquescasals\/wp-content\/uploads\/usu1790\/2019\/02\/20190205_181155-reduida.jpg 378w, https:\/\/agora.xtec.cat\/ceipjoanmarquescasals\/wp-content\/uploads\/usu1790\/2019\/02\/20190205_181155-reduida-225x300.jpg 225w\" sizes=\"auto, (max-width: 442px) 100vw, 442px\" \/><\/a><\/p>\n<p><a href=\"https:\/\/agora.xtec.cat\/ceipjoanmarquescasals\/wp-content\/uploads\/usu1790\/2019\/02\/20190205_181655-reduida.jpg\"><img loading=\"lazy\" decoding=\"async\" class=\" wp-image-1019 aligncenter\" src=\"https:\/\/agora.xtec.cat\/ceipjoanmarquescasals\/wp-content\/uploads\/usu1790\/2019\/02\/20190205_181655-reduida.jpg\" alt=\"\" width=\"449\" height=\"599\" srcset=\"https:\/\/agora.xtec.cat\/ceipjoanmarquescasals\/wp-content\/uploads\/usu1790\/2019\/02\/20190205_181655-reduida.jpg 378w, https:\/\/agora.xtec.cat\/ceipjoanmarquescasals\/wp-content\/uploads\/usu1790\/2019\/02\/20190205_181655-reduida-225x300.jpg 225w\" sizes=\"auto, (max-width: 449px) 100vw, 449px\" \/><\/a><\/p>\n<p>&nbsp;<\/p>\n<p><a href=\"https:\/\/agora.xtec.cat\/ceipjoanmarquescasals\/wp-content\/uploads\/usu1790\/2019\/02\/20190205_181416-reduida.jpg\"><img loading=\"lazy\" decoding=\"async\" class=\"wp-image-1018 aligncenter\" src=\"https:\/\/agora.xtec.cat\/ceipjoanmarquescasals\/wp-content\/uploads\/usu1790\/2019\/02\/20190205_181416-reduida.jpg\" alt=\"\" width=\"550\" height=\"413\" srcset=\"https:\/\/agora.xtec.cat\/ceipjoanmarquescasals\/wp-content\/uploads\/usu1790\/2019\/02\/20190205_181416-reduida.jpg 504w, https:\/\/agora.xtec.cat\/ceipjoanmarquescasals\/wp-content\/uploads\/usu1790\/2019\/02\/20190205_181416-reduida-300x225.jpg 300w, https:\/\/agora.xtec.cat\/ceipjoanmarquescasals\/wp-content\/uploads\/usu1790\/2019\/02\/20190205_181416-reduida-200x150.jpg 200w\" sizes=\"auto, (max-width: 550px) 100vw, 550px\" \/><\/a><\/p>\n","protected":false},"excerpt":{"rendered":"<p>Hola fam\u00edlies,<br \/>\nDes de fa alguns anys, l&#8217;escola intenta realitzar algunes activitats conjuntament amb la biblioteca p\u00fablica del nostre districte. Ja sabeu que cada mes a la biblioteca es fa \u201cl\u2019Hora del conte\u201d, on podeu gaudir de la tradici\u00f3 d&#8217;explicar contes i hist\u00f2ries per als m\u00e9s&hellip;  <a href=\"https:\/\/agora.xtec.cat\/ceipjoanmarquescasals\/general\/lhora-del-conte-a-la-bd6\/\" title=\"Read L&#8217;hora del conte amb mares de l&#8217;escola (BD6)\">Llegeix m\u00e9s\u00bb<\/a><\/p>\n","protected":false},"author":35,"featured_media":1018,"comment_status":"open","ping_status":"closed","sticky":false,"template":"","format":"standard","meta":{"_bbp_topic_count":0,"_bbp_reply_count":0,"_bbp_total_topic_count":0,"_bbp_total_reply_count":0,"_bbp_voice_count":0,"_bbp_anonymous_reply_count":0,"_bbp_topic_count_hidden":0,"_bbp_reply_count_hidden":0,"_bbp_forum_subforum_count":0,"footnotes":""},"categories":[188,1],"tags":[105,120,121],"class_list":["post-1016","post","type-post","status-publish","format-standard","has-post-thumbnail","hentry","category-any-2018-2019","category-general","tag-biblioteca","tag-lectura","tag-pares"],"post_mailing_queue_ids":[],"_links":{"self":[{"href":"https:\/\/agora.xtec.cat\/ceipjoanmarquescasals\/wp-json\/wp\/v2\/posts\/1016","targetHints":{"allow":["GET"]}}],"collection":[{"href":"https:\/\/agora.xtec.cat\/ceipjoanmarquescasals\/wp-json\/wp\/v2\/posts"}],"about":[{"href":"https:\/\/agora.xtec.cat\/ceipjoanmarquescasals\/wp-json\/wp\/v2\/types\/post"}],"author":[{"embeddable":true,"href":"https:\/\/agora.xtec.cat\/ceipjoanmarquescasals\/wp-json\/wp\/v2\/users\/35"}],"replies":[{"embeddable":true,"href":"https:\/\/agora.xtec.cat\/ceipjoanmarquescasals\/wp-json\/wp\/v2\/comments?post=1016"}],"version-history":[{"count":2,"href":"https:\/\/agora.xtec.cat\/ceipjoanmarquescasals\/wp-json\/wp\/v2\/posts\/1016\/revisions"}],"predecessor-version":[{"id":1021,"href":"https:\/\/agora.xtec.cat\/ceipjoanmarquescasals\/wp-json\/wp\/v2\/posts\/1016\/revisions\/1021"}],"wp:featuredmedia":[{"embeddable":true,"href":"https:\/\/agora.xtec.cat\/ceipjoanmarquescasals\/wp-json\/wp\/v2\/media\/1018"}],"wp:attachment":[{"href":"https:\/\/agora.xtec.cat\/ceipjoanmarquescasals\/wp-json\/wp\/v2\/media?parent=1016"}],"wp:term":[{"taxonomy":"category","embeddable":true,"href":"https:\/\/agora.xtec.cat\/ceipjoanmarquescasals\/wp-json\/wp\/v2\/categories?post=1016"},{"taxonomy":"post_tag","embeddable":true,"href":"https:\/\/agora.xtec.cat\/ceipjoanmarquescasals\/wp-json\/wp\/v2\/tags?post=1016"}],"curies":[{"name":"wp","href":"https:\/\/api.w.org\/{rel}","templated":true}]}}