{"id":244,"count":0,"description":"<p dir=\"ltr\"><span class=\"\">El Pla de Transformaci\u00f3 Digital per al nostre centre pret\u00e9n millorar la compet\u00e8ncia digital dels docents i l\u2019alumnat. Els nostres grans objectius es concreten en:<\/span><\/p>\r\n\r\n<ul>\r\n \t<li dir=\"ltr\">\r\n<p dir=\"ltr\"><span class=\"\">Garantir la formaci\u00f3 de tots els nostres docents en la compet\u00e8ncia digital.<\/span><\/p>\r\n<\/li>\r\n<\/ul>\r\n<ul>\r\n \t<li dir=\"ltr\">\r\n<p dir=\"ltr\"><span class=\"\">Assolir una bona compet\u00e8ncia digital per part dels\/les nostres alumnes per tal d' aconseguir l' \u00e8xit educatiu. Aix\u00ed els\/les preparem per viure en la societat actual.<\/span><\/p>\r\n<\/li>\r\n<\/ul>\r\n<ul>\r\n \t<li dir=\"ltr\">\r\n<p dir=\"ltr\"><span class=\"\">Assegurar que l\u2019acc\u00e9s als recursos tecnol\u00f2gics (dispositius, comunicacions i serveis\u00a0<\/span>en l\u00ednia) es faci sempre d\u2019acord amb els requeriments legals de seguretat i protecci\u00f3\u00a0de dades.<\/p>\r\n<\/li>\r\n \t<li dir=\"ltr\"><span class=\"\">Proposar metodologies d\u2019aula per apoderar a l\u2019alumnat del seu propi aprenentatge.<\/span><\/li>\r\n<\/ul>\r\n<strong>\u00a0<\/strong>","link":"https:\/\/agora.xtec.cat\/ceipjoanmarquescasals\/categoria\/transformacio-digital-de-centre\/","name":"Transformaci\u00f3 digital de centre","slug":"transformacio-digital-de-centre","taxonomy":"category","parent":0,"meta":[],"_links":{"self":[{"href":"https:\/\/agora.xtec.cat\/ceipjoanmarquescasals\/wp-json\/wp\/v2\/categories\/244","targetHints":{"allow":["GET"]}}],"collection":[{"href":"https:\/\/agora.xtec.cat\/ceipjoanmarquescasals\/wp-json\/wp\/v2\/categories"}],"about":[{"href":"https:\/\/agora.xtec.cat\/ceipjoanmarquescasals\/wp-json\/wp\/v2\/taxonomies\/category"}],"wp:post_type":[{"href":"https:\/\/agora.xtec.cat\/ceipjoanmarquescasals\/wp-json\/wp\/v2\/posts?categories=244"}],"curies":[{"name":"wp","href":"https:\/\/api.w.org\/{rel}","templated":true}]}}