{"id":899,"date":"2020-05-21T10:39:17","date_gmt":"2020-05-21T08:39:17","guid":{"rendered":"https:\/\/agora.xtec.cat\/ceipjoandemargarit\/?p=899"},"modified":"2020-06-02T19:55:22","modified_gmt":"2020-06-02T17:55:22","slug":"proces-de-seleccio-de-directors","status":"publish","type":"post","link":"https:\/\/agora.xtec.cat\/ceipjoandemargarit\/general\/proces-de-seleccio-de-directors\/","title":{"rendered":"Proc\u00e9s de selecci\u00f3 de directors"},"content":{"rendered":"<div><\/div>\n<div>\n<p style=\"text-align: justify;\">En relaci\u00f3 a les actes de la Fase 2 de la selecci\u00f3 de directores del nostre centre i per donar compliment al punt 10.10\u00a0 de la RESOLUCI\u00d3 EDU\/1003\/2020, d&#8217;11 de maig, que va modificar la resoluci\u00f3 anterior (EDU\/3176\/2019, de 25 de novembre) per l&#8217;estat d&#8217;alarma, facilitem a la p\u00e0gina principal del nostre web l&#8217;enlla\u00e7 que us redirigir\u00e0 a la:<\/p>\n<p>&nbsp;<\/p>\n<p><a href=\"http:\/\/ensenyament.gencat.cat\/ca\/departament\/serveis-territorials\/girona\/personal-docent\/seleccio-direccions\/\" target=\"_blank\" rel=\"noopener noreferrer\"><span style=\"color: #339966;\"><strong>PUBLICACI\u00d3 DE LES ACTES DEL CONCURS DE M\u00c8RITS DE SELECCI\u00d3 DE DIRECTORS<\/strong> <strong>(clica AQU\u00cd)<\/strong><\/span><\/a><\/p>\n<p><a href=\"http:\/\/ensenyament.gencat.cat\/web\/.content\/home\/departament\/serveis-territorials\/girona\/personal-docent\/seleccio-direccions\/BE\/GIR-BE-Escola-Joan-de-Margarit-FASE2-provisional.pdf\" target=\"_blank\" rel=\"noopener noreferrer\"><strong><span style=\"color: #339966;\">ACTA DEL CONCURS DE M\u00c8RITS DE SELECCI\u00d3 DE DIRECTORS DE L&#8217;ESCOLA JOAN DE MARGARIT (clica AQU\u00cd)<\/span><\/strong><\/a><\/p>\n<p>&nbsp;<\/p>\n<\/div>\n<div><\/div>\n<div><\/div>\n<div><\/div>\n","protected":false},"excerpt":{"rendered":"<p>En relaci\u00f3 a les actes de la Fase 2 de la selecci\u00f3 de directores del nostre centre i per donar compliment al punt 10.10\u00a0 de la RESOLUCI\u00d3 EDU\/1003\/2020, d&#8217;11 de maig, que va modificar la resoluci\u00f3 anterior (EDU\/3176\/2019, de 25 de novembre) per l&#8217;estat d&#8217;alarma,&hellip;  <a href=\"https:\/\/agora.xtec.cat\/ceipjoandemargarit\/general\/proces-de-seleccio-de-directors\/\" title=\"Read Proc\u00e9s de selecci\u00f3 de directors\">Llegeix m\u00e9s\u00bb<\/a><\/p>\n","protected":false},"author":1,"featured_media":0,"comment_status":"closed","ping_status":"closed","sticky":false,"template":"","format":"standard","meta":{"_bbp_topic_count":0,"_bbp_reply_count":0,"_bbp_total_topic_count":0,"_bbp_total_reply_count":0,"_bbp_voice_count":0,"_bbp_anonymous_reply_count":0,"_bbp_topic_count_hidden":0,"_bbp_reply_count_hidden":0,"_bbp_forum_subforum_count":0,"footnotes":""},"categories":[1,4],"tags":[70],"class_list":["post-899","post","type-post","status-publish","format-standard","hentry","category-general","category-portada","tag-proces-de-seleccio-de-directors"],"post_mailing_queue_ids":[],"_links":{"self":[{"href":"https:\/\/agora.xtec.cat\/ceipjoandemargarit\/wp-json\/wp\/v2\/posts\/899","targetHints":{"allow":["GET"]}}],"collection":[{"href":"https:\/\/agora.xtec.cat\/ceipjoandemargarit\/wp-json\/wp\/v2\/posts"}],"about":[{"href":"https:\/\/agora.xtec.cat\/ceipjoandemargarit\/wp-json\/wp\/v2\/types\/post"}],"author":[{"embeddable":true,"href":"https:\/\/agora.xtec.cat\/ceipjoandemargarit\/wp-json\/wp\/v2\/users\/1"}],"replies":[{"embeddable":true,"href":"https:\/\/agora.xtec.cat\/ceipjoandemargarit\/wp-json\/wp\/v2\/comments?post=899"}],"version-history":[{"count":4,"href":"https:\/\/agora.xtec.cat\/ceipjoandemargarit\/wp-json\/wp\/v2\/posts\/899\/revisions"}],"predecessor-version":[{"id":1017,"href":"https:\/\/agora.xtec.cat\/ceipjoandemargarit\/wp-json\/wp\/v2\/posts\/899\/revisions\/1017"}],"wp:attachment":[{"href":"https:\/\/agora.xtec.cat\/ceipjoandemargarit\/wp-json\/wp\/v2\/media?parent=899"}],"wp:term":[{"taxonomy":"category","embeddable":true,"href":"https:\/\/agora.xtec.cat\/ceipjoandemargarit\/wp-json\/wp\/v2\/categories?post=899"},{"taxonomy":"post_tag","embeddable":true,"href":"https:\/\/agora.xtec.cat\/ceipjoandemargarit\/wp-json\/wp\/v2\/tags?post=899"}],"curies":[{"name":"wp","href":"https:\/\/api.w.org\/{rel}","templated":true}]}}