{"id":2812,"date":"2023-02-09T13:32:02","date_gmt":"2023-02-09T12:32:02","guid":{"rendered":"https:\/\/agora.xtec.cat\/ceipjoandemargarit\/?p=2812"},"modified":"2023-02-09T13:54:55","modified_gmt":"2023-02-09T12:54:55","slug":"celebracio-del-dia-de-la-no-violencia-i-la-pau","status":"publish","type":"post","link":"https:\/\/agora.xtec.cat\/ceipjoandemargarit\/general\/celebracio-del-dia-de-la-no-violencia-i-la-pau\/","title":{"rendered":"Celebraci\u00f3 del dia de la NO VIOL\u00c8NCIA i la PAU"},"content":{"rendered":"<p>El dilluns, 30 de gener\u00a0 s&#8217;ha celebrat el <strong>dia escolar de la No viol\u00e8ncia i la Pau<\/strong> amb diferents activitats.<\/p>\n<p>Previ a celebraci\u00f3 les nenes i els nens de cada tutoria havien fet un mural enganxant el dibuix de les seves mans. A la tarda\u00a0 s&#8217;ha sortit\u00a0 al\u00a0 pat\u00ed<span style=\"font-family: inherit; font-size: 1em;\"> i entre tots els murals s&#8217;ha creat una gran pancarta que deia: LA PAU EST\u00c0 EN LES NOSTRES MANS.<\/span><\/p>\n<table style=\"border-collapse: collapse; width: 100%;\">\n<tbody>\n<tr>\n<td style=\"width: 50%;\"><a style=\"color: #2795b6;\" href=\"https:\/\/agora.xtec.cat\/ceipjoandemargarit\/wp-content\/uploads\/usu2172\/2023\/02\/WhatsApp-Image-2023-02-09-at-13.02.37.jpeg\"><img loading=\"lazy\" decoding=\"async\" class=\"aligncenter wp-image-2818\" src=\"https:\/\/agora.xtec.cat\/ceipjoandemargarit\/wp-content\/uploads\/usu2172\/2023\/02\/WhatsApp-Image-2023-02-09-at-13.02.37-300x225.jpeg\" alt=\"\" width=\"450\" height=\"337\" srcset=\"https:\/\/agora.xtec.cat\/ceipjoandemargarit\/wp-content\/uploads\/usu2172\/2023\/02\/WhatsApp-Image-2023-02-09-at-13.02.37-300x225.jpeg 300w, https:\/\/agora.xtec.cat\/ceipjoandemargarit\/wp-content\/uploads\/usu2172\/2023\/02\/WhatsApp-Image-2023-02-09-at-13.02.37-1024x768.jpeg 1024w, https:\/\/agora.xtec.cat\/ceipjoandemargarit\/wp-content\/uploads\/usu2172\/2023\/02\/WhatsApp-Image-2023-02-09-at-13.02.37-768x576.jpeg 768w, https:\/\/agora.xtec.cat\/ceipjoandemargarit\/wp-content\/uploads\/usu2172\/2023\/02\/WhatsApp-Image-2023-02-09-at-13.02.37-1536x1152.jpeg 1536w, https:\/\/agora.xtec.cat\/ceipjoandemargarit\/wp-content\/uploads\/usu2172\/2023\/02\/WhatsApp-Image-2023-02-09-at-13.02.37-200x150.jpeg 200w, https:\/\/agora.xtec.cat\/ceipjoandemargarit\/wp-content\/uploads\/usu2172\/2023\/02\/WhatsApp-Image-2023-02-09-at-13.02.37.jpeg 1600w\" sizes=\"auto, (max-width: 450px) 100vw, 450px\" \/><\/a><\/td>\n<td style=\"width: 50%;\"><a href=\"https:\/\/agora.xtec.cat\/ceipjoandemargarit\/wp-content\/uploads\/usu2172\/2023\/02\/WhatsApp-Image-2023-02-09-at-13.01.38.jpeg\"><img loading=\"lazy\" decoding=\"async\" class=\"aligncenter size-large wp-image-2813\" src=\"https:\/\/agora.xtec.cat\/ceipjoandemargarit\/wp-content\/uploads\/usu2172\/2023\/02\/WhatsApp-Image-2023-02-09-at-13.01.38-1024x652.jpeg\" alt=\"\" width=\"1024\" height=\"652\" srcset=\"https:\/\/agora.xtec.cat\/ceipjoandemargarit\/wp-content\/uploads\/usu2172\/2023\/02\/WhatsApp-Image-2023-02-09-at-13.01.38-1024x652.jpeg 1024w, https:\/\/agora.xtec.cat\/ceipjoandemargarit\/wp-content\/uploads\/usu2172\/2023\/02\/WhatsApp-Image-2023-02-09-at-13.01.38-300x191.jpeg 300w, https:\/\/agora.xtec.cat\/ceipjoandemargarit\/wp-content\/uploads\/usu2172\/2023\/02\/WhatsApp-Image-2023-02-09-at-13.01.38-768x489.jpeg 768w, https:\/\/agora.xtec.cat\/ceipjoandemargarit\/wp-content\/uploads\/usu2172\/2023\/02\/WhatsApp-Image-2023-02-09-at-13.01.38-1536x978.jpeg 1536w, https:\/\/agora.xtec.cat\/ceipjoandemargarit\/wp-content\/uploads\/usu2172\/2023\/02\/WhatsApp-Image-2023-02-09-at-13.01.38.jpeg 1600w\" sizes=\"auto, (max-width: 1024px) 100vw, 1024px\" \/><\/a><\/td>\n<\/tr>\n<\/tbody>\n<\/table>\n<p>A continuaci\u00f3, les i els alumnes de 6\u00e8 ens han llegit unes frases sobre la no viol\u00e8ncia i la Pau . Tot seguit, els alumnes de 5\u00e8\u00a0 han recitat el poema de la Joana Raspall &#8220;Podries&#8221;. Seguidament, els alumnes de la comunitat de petits i 1r i 2n han cantat la can\u00e7\u00f3 &#8220;El m\u00f3n seria m\u00e9s feli\u00e7&#8221; i els de 3r i la comunitat de grans la can\u00e7\u00f3 de &#8220;Mirall de Pau&#8221;.<\/p>\n<table style=\"border-collapse: collapse; width: 100%;\">\n<tbody>\n<tr>\n<td style=\"width: 18.0172%;\"><a href=\"https:\/\/agora.xtec.cat\/ceipjoandemargarit\/wp-content\/uploads\/usu2172\/2023\/02\/WhatsApp-Image-2023-02-09-at-13.02.36-1.jpeg\"><img loading=\"lazy\" decoding=\"async\" class=\"aligncenter wp-image-2820\" src=\"https:\/\/agora.xtec.cat\/ceipjoandemargarit\/wp-content\/uploads\/usu2172\/2023\/02\/WhatsApp-Image-2023-02-09-at-13.02.36-1-225x300.jpeg\" alt=\"\" width=\"186\" height=\"248\" srcset=\"https:\/\/agora.xtec.cat\/ceipjoandemargarit\/wp-content\/uploads\/usu2172\/2023\/02\/WhatsApp-Image-2023-02-09-at-13.02.36-1-225x300.jpeg 225w, https:\/\/agora.xtec.cat\/ceipjoandemargarit\/wp-content\/uploads\/usu2172\/2023\/02\/WhatsApp-Image-2023-02-09-at-13.02.36-1-768x1023.jpeg 768w, https:\/\/agora.xtec.cat\/ceipjoandemargarit\/wp-content\/uploads\/usu2172\/2023\/02\/WhatsApp-Image-2023-02-09-at-13.02.36-1-1153x1536.jpeg 1153w, https:\/\/agora.xtec.cat\/ceipjoandemargarit\/wp-content\/uploads\/usu2172\/2023\/02\/WhatsApp-Image-2023-02-09-at-13.02.36-1.jpeg 1200w\" sizes=\"auto, (max-width: 186px) 100vw, 186px\" \/><\/a><\/td>\n<td style=\"width: 17.7587%;\"><a href=\"https:\/\/agora.xtec.cat\/ceipjoandemargarit\/wp-content\/uploads\/usu2172\/2023\/02\/WhatsApp-Image-2023-02-09-at-13.02.36.jpeg\"><img loading=\"lazy\" decoding=\"async\" class=\"aligncenter wp-image-2817\" src=\"https:\/\/agora.xtec.cat\/ceipjoandemargarit\/wp-content\/uploads\/usu2172\/2023\/02\/WhatsApp-Image-2023-02-09-at-13.02.36-225x300.jpeg\" alt=\"\" width=\"184\" height=\"245\" srcset=\"https:\/\/agora.xtec.cat\/ceipjoandemargarit\/wp-content\/uploads\/usu2172\/2023\/02\/WhatsApp-Image-2023-02-09-at-13.02.36-225x300.jpeg 225w, https:\/\/agora.xtec.cat\/ceipjoandemargarit\/wp-content\/uploads\/usu2172\/2023\/02\/WhatsApp-Image-2023-02-09-at-13.02.36-768x1023.jpeg 768w, https:\/\/agora.xtec.cat\/ceipjoandemargarit\/wp-content\/uploads\/usu2172\/2023\/02\/WhatsApp-Image-2023-02-09-at-13.02.36-1153x1536.jpeg 1153w, https:\/\/agora.xtec.cat\/ceipjoandemargarit\/wp-content\/uploads\/usu2172\/2023\/02\/WhatsApp-Image-2023-02-09-at-13.02.36.jpeg 1200w\" sizes=\"auto, (max-width: 184px) 100vw, 184px\" \/><\/a><\/td>\n<td style=\"width: 17.931%;\"><a href=\"https:\/\/agora.xtec.cat\/ceipjoandemargarit\/wp-content\/uploads\/usu2172\/2023\/02\/WhatsApp-Image-2023-02-09-at-13.02.35.jpeg\"><img loading=\"lazy\" decoding=\"async\" class=\"aligncenter wp-image-2816\" src=\"https:\/\/agora.xtec.cat\/ceipjoandemargarit\/wp-content\/uploads\/usu2172\/2023\/02\/WhatsApp-Image-2023-02-09-at-13.02.35-225x300.jpeg\" alt=\"\" width=\"184\" height=\"245\" srcset=\"https:\/\/agora.xtec.cat\/ceipjoandemargarit\/wp-content\/uploads\/usu2172\/2023\/02\/WhatsApp-Image-2023-02-09-at-13.02.35-225x300.jpeg 225w, https:\/\/agora.xtec.cat\/ceipjoandemargarit\/wp-content\/uploads\/usu2172\/2023\/02\/WhatsApp-Image-2023-02-09-at-13.02.35-768x1023.jpeg 768w, https:\/\/agora.xtec.cat\/ceipjoandemargarit\/wp-content\/uploads\/usu2172\/2023\/02\/WhatsApp-Image-2023-02-09-at-13.02.35-1153x1536.jpeg 1153w, https:\/\/agora.xtec.cat\/ceipjoandemargarit\/wp-content\/uploads\/usu2172\/2023\/02\/WhatsApp-Image-2023-02-09-at-13.02.35.jpeg 1200w\" sizes=\"auto, (max-width: 184px) 100vw, 184px\" \/><\/a><\/td>\n<td style=\"width: 18.1897%;\"><a href=\"https:\/\/agora.xtec.cat\/ceipjoandemargarit\/wp-content\/uploads\/usu2172\/2023\/02\/WhatsApp-Image-2023-02-09-at-13.02.35-1.jpeg\"><img loading=\"lazy\" decoding=\"async\" class=\"aligncenter wp-image-2815\" src=\"https:\/\/agora.xtec.cat\/ceipjoandemargarit\/wp-content\/uploads\/usu2172\/2023\/02\/WhatsApp-Image-2023-02-09-at-13.02.35-1-225x300.jpeg\" alt=\"\" width=\"193\" height=\"257\" srcset=\"https:\/\/agora.xtec.cat\/ceipjoandemargarit\/wp-content\/uploads\/usu2172\/2023\/02\/WhatsApp-Image-2023-02-09-at-13.02.35-1-225x300.jpeg 225w, https:\/\/agora.xtec.cat\/ceipjoandemargarit\/wp-content\/uploads\/usu2172\/2023\/02\/WhatsApp-Image-2023-02-09-at-13.02.35-1-768x1023.jpeg 768w, https:\/\/agora.xtec.cat\/ceipjoandemargarit\/wp-content\/uploads\/usu2172\/2023\/02\/WhatsApp-Image-2023-02-09-at-13.02.35-1-1153x1536.jpeg 1153w, https:\/\/agora.xtec.cat\/ceipjoandemargarit\/wp-content\/uploads\/usu2172\/2023\/02\/WhatsApp-Image-2023-02-09-at-13.02.35-1.jpeg 1200w\" sizes=\"auto, (max-width: 193px) 100vw, 193px\" \/><\/a><\/td>\n<td style=\"width: 28.1034%;\"><a href=\"https:\/\/agora.xtec.cat\/ceipjoandemargarit\/wp-content\/uploads\/usu2172\/2023\/02\/WhatsApp-Image-2023-02-09-at-13.02.34.jpeg\"><img loading=\"lazy\" decoding=\"async\" class=\"aligncenter size-medium wp-image-2814\" src=\"https:\/\/agora.xtec.cat\/ceipjoandemargarit\/wp-content\/uploads\/usu2172\/2023\/02\/WhatsApp-Image-2023-02-09-at-13.02.34-300x225.jpeg\" alt=\"\" width=\"300\" height=\"225\" srcset=\"https:\/\/agora.xtec.cat\/ceipjoandemargarit\/wp-content\/uploads\/usu2172\/2023\/02\/WhatsApp-Image-2023-02-09-at-13.02.34-300x225.jpeg 300w, https:\/\/agora.xtec.cat\/ceipjoandemargarit\/wp-content\/uploads\/usu2172\/2023\/02\/WhatsApp-Image-2023-02-09-at-13.02.34-1024x768.jpeg 1024w, https:\/\/agora.xtec.cat\/ceipjoandemargarit\/wp-content\/uploads\/usu2172\/2023\/02\/WhatsApp-Image-2023-02-09-at-13.02.34-768x576.jpeg 768w, https:\/\/agora.xtec.cat\/ceipjoandemargarit\/wp-content\/uploads\/usu2172\/2023\/02\/WhatsApp-Image-2023-02-09-at-13.02.34-1536x1152.jpeg 1536w, https:\/\/agora.xtec.cat\/ceipjoandemargarit\/wp-content\/uploads\/usu2172\/2023\/02\/WhatsApp-Image-2023-02-09-at-13.02.34-200x150.jpeg 200w, https:\/\/agora.xtec.cat\/ceipjoandemargarit\/wp-content\/uploads\/usu2172\/2023\/02\/WhatsApp-Image-2023-02-09-at-13.02.34.jpeg 1600w\" sizes=\"auto, (max-width: 300px) 100vw, 300px\" \/><\/a><\/td>\n<\/tr>\n<\/tbody>\n<\/table>\n<p>&nbsp;<\/p>\n<p>&nbsp;<\/p>\n","protected":false},"excerpt":{"rendered":"<p>El dilluns, 30 de gener\u00a0 s&#8217;ha celebrat el dia escolar de la No viol\u00e8ncia i la Pau amb diferents activitats.<br \/>\nPrevi a celebraci\u00f3 les nenes i els nens de cada tutoria havien fet un mural enganxant el dibuix de les seves mans. A la tarda\u00a0 s&#8217;ha&hellip;  <a href=\"https:\/\/agora.xtec.cat\/ceipjoandemargarit\/general\/celebracio-del-dia-de-la-no-violencia-i-la-pau\/\" title=\"Read Celebraci\u00f3 del dia de la NO VIOL\u00c8NCIA i la PAU\">Llegeix m\u00e9s\u00bb<\/a><\/p>\n","protected":false},"author":1,"featured_media":0,"comment_status":"open","ping_status":"closed","sticky":false,"template":"","format":"standard","meta":{"_bbp_topic_count":0,"_bbp_reply_count":0,"_bbp_total_topic_count":0,"_bbp_total_reply_count":0,"_bbp_voice_count":0,"_bbp_anonymous_reply_count":0,"_bbp_topic_count_hidden":0,"_bbp_reply_count_hidden":0,"_bbp_forum_subforum_count":0,"footnotes":""},"categories":[1,4],"tags":[],"class_list":["post-2812","post","type-post","status-publish","format-standard","hentry","category-general","category-portada"],"post_mailing_queue_ids":[],"_links":{"self":[{"href":"https:\/\/agora.xtec.cat\/ceipjoandemargarit\/wp-json\/wp\/v2\/posts\/2812","targetHints":{"allow":["GET"]}}],"collection":[{"href":"https:\/\/agora.xtec.cat\/ceipjoandemargarit\/wp-json\/wp\/v2\/posts"}],"about":[{"href":"https:\/\/agora.xtec.cat\/ceipjoandemargarit\/wp-json\/wp\/v2\/types\/post"}],"author":[{"embeddable":true,"href":"https:\/\/agora.xtec.cat\/ceipjoandemargarit\/wp-json\/wp\/v2\/users\/1"}],"replies":[{"embeddable":true,"href":"https:\/\/agora.xtec.cat\/ceipjoandemargarit\/wp-json\/wp\/v2\/comments?post=2812"}],"version-history":[{"count":3,"href":"https:\/\/agora.xtec.cat\/ceipjoandemargarit\/wp-json\/wp\/v2\/posts\/2812\/revisions"}],"predecessor-version":[{"id":2825,"href":"https:\/\/agora.xtec.cat\/ceipjoandemargarit\/wp-json\/wp\/v2\/posts\/2812\/revisions\/2825"}],"wp:attachment":[{"href":"https:\/\/agora.xtec.cat\/ceipjoandemargarit\/wp-json\/wp\/v2\/media?parent=2812"}],"wp:term":[{"taxonomy":"category","embeddable":true,"href":"https:\/\/agora.xtec.cat\/ceipjoandemargarit\/wp-json\/wp\/v2\/categories?post=2812"},{"taxonomy":"post_tag","embeddable":true,"href":"https:\/\/agora.xtec.cat\/ceipjoandemargarit\/wp-json\/wp\/v2\/tags?post=2812"}],"curies":[{"name":"wp","href":"https:\/\/api.w.org\/{rel}","templated":true}]}}