{"id":2110,"date":"2021-11-18T13:13:36","date_gmt":"2021-11-18T12:13:36","guid":{"rendered":"https:\/\/agora.xtec.cat\/ceipjoandemargarit\/?p=2110"},"modified":"2021-11-22T16:06:19","modified_gmt":"2021-11-22T15:06:19","slug":"anem-al-teatre","status":"publish","type":"post","link":"https:\/\/agora.xtec.cat\/ceipjoandemargarit\/general\/anem-al-teatre\/","title":{"rendered":"ANEM AL TEATRE!"},"content":{"rendered":"<p>Ahir els alumnes de cicle inicial i cicle mitj\u00e0 van gaudir de l&#8217;espectacle &#8220;Ondina&#8221; que les Anxovetes ens van presentar. Vam aprendre molt\u00edssimes coses sobre les havaneres i fins i tot en vam cantar alguna!!&#8230; &#8220;El mar \u00e9s gran, el mar \u00e9s blau, el mar \u00e9s calma i \u00e9s temporal&#8230;&#8221;<\/p>\n<p><a href=\"https:\/\/agora.xtec.cat\/ceipjoandemargarit\/wp-content\/uploads\/usu2172\/2021\/11\/teatre-2-com-scaled.jpg\"><img loading=\"lazy\" decoding=\"async\" class=\"alignnone size-medium wp-image-2108\" src=\"https:\/\/agora.xtec.cat\/ceipjoandemargarit\/wp-content\/uploads\/usu2172\/2021\/11\/teatre-2-com-300x212.jpg\" alt=\"\" width=\"300\" height=\"212\" srcset=\"https:\/\/agora.xtec.cat\/ceipjoandemargarit\/wp-content\/uploads\/usu2172\/2021\/11\/teatre-2-com-300x212.jpg 300w, https:\/\/agora.xtec.cat\/ceipjoandemargarit\/wp-content\/uploads\/usu2172\/2021\/11\/teatre-2-com-1024x725.jpg 1024w, https:\/\/agora.xtec.cat\/ceipjoandemargarit\/wp-content\/uploads\/usu2172\/2021\/11\/teatre-2-com-768x543.jpg 768w, https:\/\/agora.xtec.cat\/ceipjoandemargarit\/wp-content\/uploads\/usu2172\/2021\/11\/teatre-2-com-1536x1087.jpg 1536w, https:\/\/agora.xtec.cat\/ceipjoandemargarit\/wp-content\/uploads\/usu2172\/2021\/11\/teatre-2-com-2048x1449.jpg 2048w\" sizes=\"auto, (max-width: 300px) 100vw, 300px\" \/><\/a> <a href=\"https:\/\/agora.xtec.cat\/ceipjoandemargarit\/wp-content\/uploads\/usu2172\/2021\/11\/teatre-1-comp-scaled.jpg\"><img loading=\"lazy\" decoding=\"async\" class=\"alignnone wp-image-2109\" src=\"https:\/\/agora.xtec.cat\/ceipjoandemargarit\/wp-content\/uploads\/usu2172\/2021\/11\/teatre-1-comp-300x166.jpg\" alt=\"\" width=\"383\" height=\"212\" srcset=\"https:\/\/agora.xtec.cat\/ceipjoandemargarit\/wp-content\/uploads\/usu2172\/2021\/11\/teatre-1-comp-300x166.jpg 300w, https:\/\/agora.xtec.cat\/ceipjoandemargarit\/wp-content\/uploads\/usu2172\/2021\/11\/teatre-1-comp-1024x567.jpg 1024w, https:\/\/agora.xtec.cat\/ceipjoandemargarit\/wp-content\/uploads\/usu2172\/2021\/11\/teatre-1-comp-768x425.jpg 768w, https:\/\/agora.xtec.cat\/ceipjoandemargarit\/wp-content\/uploads\/usu2172\/2021\/11\/teatre-1-comp-1536x851.jpg 1536w, https:\/\/agora.xtec.cat\/ceipjoandemargarit\/wp-content\/uploads\/usu2172\/2021\/11\/teatre-1-comp-2048x1134.jpg 2048w\" sizes=\"auto, (max-width: 383px) 100vw, 383px\" \/><\/a><\/p>\n","protected":false},"excerpt":{"rendered":"<p>Ahir els alumnes de cicle inicial i cicle mitj\u00e0 van gaudir de l&#8217;espectacle &#8220;Ondina&#8221; que les Anxovetes ens van presentar. Vam aprendre molt\u00edssimes coses sobre les havaneres i fins i tot en vam cantar alguna!!&#8230; &#8220;El mar \u00e9s gran, el mar \u00e9s blau, el mar&hellip;  <a href=\"https:\/\/agora.xtec.cat\/ceipjoandemargarit\/general\/anem-al-teatre\/\" title=\"Read ANEM AL TEATRE!\">Llegeix m\u00e9s\u00bb<\/a><\/p>\n","protected":false},"author":6,"featured_media":0,"comment_status":"open","ping_status":"closed","sticky":false,"template":"","format":"standard","meta":{"_bbp_topic_count":0,"_bbp_reply_count":0,"_bbp_total_topic_count":0,"_bbp_total_reply_count":0,"_bbp_voice_count":0,"_bbp_anonymous_reply_count":0,"_bbp_topic_count_hidden":0,"_bbp_reply_count_hidden":0,"_bbp_forum_subforum_count":0,"footnotes":""},"categories":[1,4],"tags":[98,100,99,101,96,95,97],"class_list":["post-2110","post","type-post","status-publish","format-standard","hentry","category-general","category-portada","tag-anxovetes","tag-escola-joan-de-margarit","tag-havaneres","tag-primaria","tag-sortida-a-lentorn","tag-sortida-cultural","tag-teatre"],"post_mailing_queue_ids":[],"_links":{"self":[{"href":"https:\/\/agora.xtec.cat\/ceipjoandemargarit\/wp-json\/wp\/v2\/posts\/2110","targetHints":{"allow":["GET"]}}],"collection":[{"href":"https:\/\/agora.xtec.cat\/ceipjoandemargarit\/wp-json\/wp\/v2\/posts"}],"about":[{"href":"https:\/\/agora.xtec.cat\/ceipjoandemargarit\/wp-json\/wp\/v2\/types\/post"}],"author":[{"embeddable":true,"href":"https:\/\/agora.xtec.cat\/ceipjoandemargarit\/wp-json\/wp\/v2\/users\/6"}],"replies":[{"embeddable":true,"href":"https:\/\/agora.xtec.cat\/ceipjoandemargarit\/wp-json\/wp\/v2\/comments?post=2110"}],"version-history":[{"count":1,"href":"https:\/\/agora.xtec.cat\/ceipjoandemargarit\/wp-json\/wp\/v2\/posts\/2110\/revisions"}],"predecessor-version":[{"id":2111,"href":"https:\/\/agora.xtec.cat\/ceipjoandemargarit\/wp-json\/wp\/v2\/posts\/2110\/revisions\/2111"}],"wp:attachment":[{"href":"https:\/\/agora.xtec.cat\/ceipjoandemargarit\/wp-json\/wp\/v2\/media?parent=2110"}],"wp:term":[{"taxonomy":"category","embeddable":true,"href":"https:\/\/agora.xtec.cat\/ceipjoandemargarit\/wp-json\/wp\/v2\/categories?post=2110"},{"taxonomy":"post_tag","embeddable":true,"href":"https:\/\/agora.xtec.cat\/ceipjoandemargarit\/wp-json\/wp\/v2\/tags?post=2110"}],"curies":[{"name":"wp","href":"https:\/\/api.w.org\/{rel}","templated":true}]}}