{"id":4641,"date":"2021-07-01T11:35:24","date_gmt":"2021-07-01T09:35:24","guid":{"rendered":"https:\/\/agora.xtec.cat\/ceiphortavella\/?p=4641"},"modified":"2022-07-13T11:36:45","modified_gmt":"2022-07-13T09:36:45","slug":"contacte-i-horari-datencio","status":"publish","type":"post","link":"https:\/\/agora.xtec.cat\/ceiphortavella\/afa-associacio-de-families-i-alumnes\/contacte-i-horari-datencio\/","title":{"rendered":"Contacte i horari d&#8217;atenci\u00f3"},"content":{"rendered":"<p>AFA HORTA VELLA<\/p>\n<p>Carrer M\u00e9ndez N\u00fa\u00f1ez s\/n<\/p>\n<p>43540 Sant Carles de la R\u00e0pita<\/p>\n<p>afahortavella@gmail.com<\/p>\n<p>&nbsp;<\/p>\n<p>Horari d&#8217;atenci\u00f3 al p\u00fablic:<\/p>\n<ul>\n<li>divendres de 15.00 a 16.30h<\/li>\n<\/ul>\n","protected":false},"excerpt":{"rendered":"<p>AFA HORTA VELLA<br \/>\nCarrer M\u00e9ndez N\u00fa\u00f1ez s\/n<br \/>\n43540 Sant Carles de la R\u00e0pita<br \/>\nafahortavella@gmail.com<br \/>\n&nbsp;<br \/>\nHorari d&#8217;atenci\u00f3 al p\u00fablic:<\/p>\n<ul>\n<li>divendres de 15.00 a 16.30h<\/li>\n<\/ul>\n","protected":false},"author":1,"featured_media":0,"comment_status":"open","ping_status":"closed","sticky":false,"template":"","format":"standard","meta":{"_bbp_topic_count":0,"_bbp_reply_count":0,"_bbp_total_topic_count":0,"_bbp_total_reply_count":0,"_bbp_voice_count":0,"_bbp_anonymous_reply_count":0,"_bbp_topic_count_hidden":0,"_bbp_reply_count_hidden":0,"_bbp_forum_subforum_count":0,"footnotes":""},"categories":[82],"tags":[],"class_list":["post-4641","post","type-post","status-publish","format-standard","hentry","category-afa-associacio-de-families-i-alumnes"],"post_mailing_queue_ids":[],"_links":{"self":[{"href":"https:\/\/agora.xtec.cat\/ceiphortavella\/wp-json\/wp\/v2\/posts\/4641","targetHints":{"allow":["GET"]}}],"collection":[{"href":"https:\/\/agora.xtec.cat\/ceiphortavella\/wp-json\/wp\/v2\/posts"}],"about":[{"href":"https:\/\/agora.xtec.cat\/ceiphortavella\/wp-json\/wp\/v2\/types\/post"}],"author":[{"embeddable":true,"href":"https:\/\/agora.xtec.cat\/ceiphortavella\/wp-json\/wp\/v2\/users\/1"}],"replies":[{"embeddable":true,"href":"https:\/\/agora.xtec.cat\/ceiphortavella\/wp-json\/wp\/v2\/comments?post=4641"}],"version-history":[{"count":3,"href":"https:\/\/agora.xtec.cat\/ceiphortavella\/wp-json\/wp\/v2\/posts\/4641\/revisions"}],"predecessor-version":[{"id":6403,"href":"https:\/\/agora.xtec.cat\/ceiphortavella\/wp-json\/wp\/v2\/posts\/4641\/revisions\/6403"}],"wp:attachment":[{"href":"https:\/\/agora.xtec.cat\/ceiphortavella\/wp-json\/wp\/v2\/media?parent=4641"}],"wp:term":[{"taxonomy":"category","embeddable":true,"href":"https:\/\/agora.xtec.cat\/ceiphortavella\/wp-json\/wp\/v2\/categories?post=4641"},{"taxonomy":"post_tag","embeddable":true,"href":"https:\/\/agora.xtec.cat\/ceiphortavella\/wp-json\/wp\/v2\/tags?post=4641"}],"curies":[{"name":"wp","href":"https:\/\/api.w.org\/{rel}","templated":true}]}}