{"id":9871,"date":"2017-12-11T13:55:59","date_gmt":"2017-12-11T12:55:59","guid":{"rendered":"http:\/\/agora.xtec.cat\/ceipheroisdelbruc\/?p=9871"},"modified":"2018-09-11T20:39:38","modified_gmt":"2018-09-11T18:39:38","slug":"els-dinos-van-a-linstitut-paleontologic-de-catalunya","status":"publish","type":"post","link":"https:\/\/agora.xtec.cat\/ceipheroisdelbruc\/p-2010\/els-dinos-van-a-linstitut-paleontologic-de-catalunya\/","title":{"rendered":"ELS DINOS VAN  A L&#8217;INSTITUT PALEONTOL\u00d2GIC DE CATALUNYA!!!"},"content":{"rendered":"<p><a href=\"http:\/\/agora.xtec.cat\/ceipheroisdelbruc\/wp-content\/uploads\/usu565\/2017\/12\/fotoreduir4p.jpg\"><img loading=\"lazy\" decoding=\"async\" class=\"alignnone size-large wp-image-9930\" src=\"http:\/\/agora.xtec.cat\/ceipheroisdelbruc\/wp-content\/uploads\/usu565\/2017\/12\/fotoreduir4p.jpg\" alt=\"\" width=\"600\" height=\"450\" srcset=\"https:\/\/agora.xtec.cat\/ceipheroisdelbruc\/wp-content\/uploads\/usu565\/2017\/12\/fotoreduir4p.jpg 600w, https:\/\/agora.xtec.cat\/ceipheroisdelbruc\/wp-content\/uploads\/usu565\/2017\/12\/fotoreduir4p-300x225.jpg 300w, https:\/\/agora.xtec.cat\/ceipheroisdelbruc\/wp-content\/uploads\/usu565\/2017\/12\/fotoreduir4p-200x150.jpg 200w\" sizes=\"auto, (max-width: 600px) 100vw, 600px\" \/><\/a><\/p>\n<p>El passat 27 d&#8217;Octubre tots els dinosaures vam anar a veure l&#8217;Institut Paleont\u00f2logic de Catalunya. Vam aprendre molt sobre els dinosaures i &#8220;el com&#8221;\u00a0els paleont\u00f2legs investiguen sobre els dinosaures: petjades, f\u00f2ssils&#8230; Despr\u00e9s d&#8217;explicar-nos aix\u00f2 vam veure una r\u00e9plica d&#8217;un esquelet de Triceratop! Mireu el v\u00eddeo!<\/p>\n<div class=\"ast-oembed-container \" style=\"height: 100%;\"><iframe loading=\"lazy\" title=\"esquelelt triceratops\" width=\"500\" height=\"281\" src=\"https:\/\/www.youtube.com\/embed\/hs7UXPKswj4?feature=oembed\" frameborder=\"0\" allow=\"accelerometer; autoplay; clipboard-write; encrypted-media; gyroscope; picture-in-picture; web-share\" referrerpolicy=\"strict-origin-when-cross-origin\" allowfullscreen><\/iframe><\/div>\n<p>Per finalitzar la visita vam fer un taller i ens van ensenyar a observar com a Paleont\u00f2legs! Va ser molt interessant i divertit . A m\u00e9s, aprofitant que davant del l&#8217;Institut Paleont\u00f2logic de Catalunya hi ha un mercat, hi vam donar un tomb\u00a0on els nens i nenes preguntaven als botiguers sobre curiositats que tenien. Els botiguers tamb\u00e9 estaven entusiasmats explicant-nos la seva feina i ensenyant-nos coses curioses: verdures poc vistes, peixos gegants&#8230;<\/p>\n<p><img loading=\"lazy\" decoding=\"async\" class=\"alignnone size-full wp-image-9928\" src=\"http:\/\/agora.xtec.cat\/ceipheroisdelbruc\/wp-content\/uploads\/usu565\/2017\/12\/fotoreduir2p.jpg\" alt=\"\" width=\"600\" height=\"450\" srcset=\"https:\/\/agora.xtec.cat\/ceipheroisdelbruc\/wp-content\/uploads\/usu565\/2017\/12\/fotoreduir2p.jpg 600w, https:\/\/agora.xtec.cat\/ceipheroisdelbruc\/wp-content\/uploads\/usu565\/2017\/12\/fotoreduir2p-300x225.jpg 300w, https:\/\/agora.xtec.cat\/ceipheroisdelbruc\/wp-content\/uploads\/usu565\/2017\/12\/fotoreduir2p-200x150.jpg 200w\" sizes=\"auto, (max-width: 600px) 100vw, 600px\" \/><\/p>\n<p><img loading=\"lazy\" decoding=\"async\" class=\"alignnone size-large wp-image-9929\" src=\"http:\/\/agora.xtec.cat\/ceipheroisdelbruc\/wp-content\/uploads\/usu565\/2017\/12\/fotoreduir3p.jpg\" alt=\"\" width=\"600\" height=\"450\" srcset=\"https:\/\/agora.xtec.cat\/ceipheroisdelbruc\/wp-content\/uploads\/usu565\/2017\/12\/fotoreduir3p.jpg 600w, https:\/\/agora.xtec.cat\/ceipheroisdelbruc\/wp-content\/uploads\/usu565\/2017\/12\/fotoreduir3p-300x225.jpg 300w, https:\/\/agora.xtec.cat\/ceipheroisdelbruc\/wp-content\/uploads\/usu565\/2017\/12\/fotoreduir3p-200x150.jpg 200w\" sizes=\"auto, (max-width: 600px) 100vw, 600px\" \/><\/p>\n<p>VOLEU VEURE M\u00c9S FOTOS? CLIQUEU A L&#8217;ENLLA\u00c7 :<a href=\"https:\/\/photos.app.goo.gl\/OHkw8Rv3LG4S7be62\"> ELS DINOS VAN A L&#8217;INSTITUT PALEONTOL\u00d2GIC DE CATALUNYA<\/a><\/p>\n","protected":false},"excerpt":{"rendered":"<p>El passat 27 d&#8217;Octubre tots els dinosaures vam anar a veure l&#8217;Institut Paleont\u00f2logic de Catalunya. Vam aprendre molt sobre els dinosaures i &#8220;el com&#8221;\u00a0els paleont\u00f2legs investiguen sobre els dinosaures: petjades, f\u00f2ssils&#8230; Despr\u00e9s d&#8217;explicar-nos aix\u00f2 vam veure una r\u00e9plica d&#8217;un esquelet de Triceratop! Mireu el v\u00eddeo! Per finalitzar la visita vam fer un taller i ens [&hellip;]<\/p>\n","protected":false},"author":1,"featured_media":0,"comment_status":"open","ping_status":"closed","sticky":false,"template":"","format":"standard","meta":{"_bbp_topic_count":0,"_bbp_reply_count":0,"_bbp_total_topic_count":0,"_bbp_total_reply_count":0,"_bbp_voice_count":0,"_bbp_anonymous_reply_count":0,"_bbp_topic_count_hidden":0,"_bbp_reply_count_hidden":0,"_bbp_forum_subforum_count":0,"site-sidebar-layout":"default","site-content-layout":"","ast-site-content-layout":"","site-content-style":"default","site-sidebar-style":"default","ast-global-header-display":"","ast-banner-title-visibility":"","ast-main-header-display":"","ast-hfb-above-header-display":"","ast-hfb-below-header-display":"","ast-hfb-mobile-header-display":"","site-post-title":"","ast-breadcrumbs-content":"","ast-featured-img":"","footer-sml-layout":"","theme-transparent-header-meta":"","adv-header-id-meta":"","stick-header-meta":"","header-above-stick-meta":"","header-main-stick-meta":"","header-below-stick-meta":"","astra-migrate-meta-layouts":"default","ast-page-background-enabled":"default","ast-page-background-meta":{"desktop":{"background-color":"var(--ast-global-color-4)","background-image":"","background-repeat":"repeat","background-position":"center center","background-size":"auto","background-attachment":"scroll","background-type":"","background-media":"","overlay-type":"","overlay-color":"","overlay-opacity":"","overlay-gradient":""},"tablet":{"background-color":"","background-image":"","background-repeat":"repeat","background-position":"center center","background-size":"auto","background-attachment":"scroll","background-type":"","background-media":"","overlay-type":"","overlay-color":"","overlay-opacity":"","overlay-gradient":""},"mobile":{"background-color":"","background-image":"","background-repeat":"repeat","background-position":"center center","background-size":"auto","background-attachment":"scroll","background-type":"","background-media":"","overlay-type":"","overlay-color":"","overlay-opacity":"","overlay-gradient":""}},"ast-content-background-meta":{"desktop":{"background-color":"var(--ast-global-color-5)","background-image":"","background-repeat":"repeat","background-position":"center center","background-size":"auto","background-attachment":"scroll","background-type":"","background-media":"","overlay-type":"","overlay-color":"","overlay-opacity":"","overlay-gradient":""},"tablet":{"background-color":"var(--ast-global-color-5)","background-image":"","background-repeat":"repeat","background-position":"center center","background-size":"auto","background-attachment":"scroll","background-type":"","background-media":"","overlay-type":"","overlay-color":"","overlay-opacity":"","overlay-gradient":""},"mobile":{"background-color":"var(--ast-global-color-5)","background-image":"","background-repeat":"repeat","background-position":"center center","background-size":"auto","background-attachment":"scroll","background-type":"","background-media":"","overlay-type":"","overlay-color":"","overlay-opacity":"","overlay-gradient":""}},"footnotes":""},"categories":[103],"tags":[125,196,194,195],"class_list":["post-9871","post","type-post","status-publish","format-standard","hentry","category-p-2010","tag-2n","tag-dinos","tag-institud-paleontologic-de-catalunya","tag-promocio-2010"],"post_mailing_queue_ids":[],"_links":{"self":[{"href":"https:\/\/agora.xtec.cat\/ceipheroisdelbruc\/wp-json\/wp\/v2\/posts\/9871","targetHints":{"allow":["GET"]}}],"collection":[{"href":"https:\/\/agora.xtec.cat\/ceipheroisdelbruc\/wp-json\/wp\/v2\/posts"}],"about":[{"href":"https:\/\/agora.xtec.cat\/ceipheroisdelbruc\/wp-json\/wp\/v2\/types\/post"}],"author":[{"embeddable":true,"href":"https:\/\/agora.xtec.cat\/ceipheroisdelbruc\/wp-json\/wp\/v2\/users\/1"}],"replies":[{"embeddable":true,"href":"https:\/\/agora.xtec.cat\/ceipheroisdelbruc\/wp-json\/wp\/v2\/comments?post=9871"}],"version-history":[{"count":3,"href":"https:\/\/agora.xtec.cat\/ceipheroisdelbruc\/wp-json\/wp\/v2\/posts\/9871\/revisions"}],"predecessor-version":[{"id":9931,"href":"https:\/\/agora.xtec.cat\/ceipheroisdelbruc\/wp-json\/wp\/v2\/posts\/9871\/revisions\/9931"}],"wp:attachment":[{"href":"https:\/\/agora.xtec.cat\/ceipheroisdelbruc\/wp-json\/wp\/v2\/media?parent=9871"}],"wp:term":[{"taxonomy":"category","embeddable":true,"href":"https:\/\/agora.xtec.cat\/ceipheroisdelbruc\/wp-json\/wp\/v2\/categories?post=9871"},{"taxonomy":"post_tag","embeddable":true,"href":"https:\/\/agora.xtec.cat\/ceipheroisdelbruc\/wp-json\/wp\/v2\/tags?post=9871"}],"curies":[{"name":"wp","href":"https:\/\/api.w.org\/{rel}","templated":true}]}}