{"id":9331,"date":"2017-06-22T10:00:57","date_gmt":"2017-06-22T08:00:57","guid":{"rendered":"http:\/\/agora.xtec.cat\/ceipheroisdelbruc\/?p=9331"},"modified":"2017-09-11T22:06:08","modified_gmt":"2017-09-11T20:06:08","slug":"la-linia-de-la-vida-la-meva-1a-decada","status":"publish","type":"post","link":"https:\/\/agora.xtec.cat\/ceipheroisdelbruc\/p-2007\/la-linia-de-la-vida-la-meva-1a-decada\/","title":{"rendered":"La l\u00ednia de la vida: La meva 1\u00aa d\u00e8cada"},"content":{"rendered":"<p><img loading=\"lazy\" decoding=\"async\" class=\"alignnone size-large wp-image-9333\" src=\"http:\/\/agora.xtec.cat\/ceipheroisdelbruc\/wp-content\/uploads\/usu565\/2017\/06\/resized_IMG_4528-1024x768.jpg\" alt=\"resized_IMG_4528\" width=\"1024\" height=\"768\" srcset=\"https:\/\/agora.xtec.cat\/ceipheroisdelbruc\/wp-content\/uploads\/usu565\/2017\/06\/resized_IMG_4528-1024x768.jpg 1024w, https:\/\/agora.xtec.cat\/ceipheroisdelbruc\/wp-content\/uploads\/usu565\/2017\/06\/resized_IMG_4528-300x225.jpg 300w, https:\/\/agora.xtec.cat\/ceipheroisdelbruc\/wp-content\/uploads\/usu565\/2017\/06\/resized_IMG_4528-768x576.jpg 768w, https:\/\/agora.xtec.cat\/ceipheroisdelbruc\/wp-content\/uploads\/usu565\/2017\/06\/resized_IMG_4528-200x150.jpg 200w, https:\/\/agora.xtec.cat\/ceipheroisdelbruc\/wp-content\/uploads\/usu565\/2017\/06\/resized_IMG_4528.jpg 1152w\" sizes=\"auto, (max-width: 1024px) 100vw, 1024px\" \/><\/p>\n<p>\u201cLa l\u00ednia de la Vida: la meva primera d\u00e8cada\u201d \u00e9s una activitat que s\u2019emmarca dins del camp de la Pedagogia Sist\u00e8mica, una pedagogia que t\u00e9 com a mirada principal la inf\u00e0ncia i l\u2019adolesc\u00e8ncia i el seu benestar.<\/p>\n<p>Aquesta activitat consisteix a navegar pels records que els nens i les nenes tenen de la seva hist\u00f2ria (des del seu origen fins al moment present) a trav\u00e9s dels seus objectes mes preciats: joguines, roba, &#8230; i fotogr\u00e0fies o videos d&#8217;aquests primers 10 anys d&#8217;exist\u00e8ncia.<\/p>\n<p>Una quants alumnes de les 3 classes de 4t han realitzat aquesta activitat voluntariament i la veritat que ha estat molt eriquidora tant per l&#8217;alumne com per la resta del grup.<\/p>\n<p>En definitiva, aquesta activitat ha ajudat a que els nens i les nenes siguin m\u00e9s feli\u00e7os, i alhora a crear un ambient de complicitats i uni\u00f3 a l\u2019aula.<\/p>\n<p>En el seg\u00fcent enlla\u00e7 podeu trobar algunes imatges dels alumnes fent aquesta activitat.<\/p>\n<p>https:\/\/goo.gl\/photos\/1w6rpycvHMSScMU27<\/p>\n<p>&nbsp;<\/p>\n<p>&nbsp;<\/p>\n","protected":false},"excerpt":{"rendered":"<p>\u201cLa l\u00ednia de la Vida: la meva primera d\u00e8cada\u201d \u00e9s una activitat que s\u2019emmarca dins del camp de la Pedagogia Sist\u00e8mica, una pedagogia que t\u00e9 com a mirada principal la inf\u00e0ncia i l\u2019adolesc\u00e8ncia i el seu benestar. Aquesta activitat consisteix a navegar pels records que els nens i les nenes tenen de la seva hist\u00f2ria [&hellip;]<\/p>\n","protected":false},"author":1,"featured_media":9333,"comment_status":"open","ping_status":"closed","sticky":false,"template":"","format":"standard","meta":{"_bbp_topic_count":0,"_bbp_reply_count":0,"_bbp_total_topic_count":0,"_bbp_total_reply_count":0,"_bbp_voice_count":0,"_bbp_anonymous_reply_count":0,"_bbp_topic_count_hidden":0,"_bbp_reply_count_hidden":0,"_bbp_forum_subforum_count":0,"site-sidebar-layout":"default","site-content-layout":"","ast-site-content-layout":"","site-content-style":"default","site-sidebar-style":"default","ast-global-header-display":"","ast-banner-title-visibility":"","ast-main-header-display":"","ast-hfb-above-header-display":"","ast-hfb-below-header-display":"","ast-hfb-mobile-header-display":"","site-post-title":"","ast-breadcrumbs-content":"","ast-featured-img":"","footer-sml-layout":"","theme-transparent-header-meta":"","adv-header-id-meta":"","stick-header-meta":"","header-above-stick-meta":"","header-main-stick-meta":"","header-below-stick-meta":"","astra-migrate-meta-layouts":"default","ast-page-background-enabled":"default","ast-page-background-meta":{"desktop":{"background-color":"var(--ast-global-color-4)","background-image":"","background-repeat":"repeat","background-position":"center center","background-size":"auto","background-attachment":"scroll","background-type":"","background-media":"","overlay-type":"","overlay-color":"","overlay-opacity":"","overlay-gradient":""},"tablet":{"background-color":"","background-image":"","background-repeat":"repeat","background-position":"center center","background-size":"auto","background-attachment":"scroll","background-type":"","background-media":"","overlay-type":"","overlay-color":"","overlay-opacity":"","overlay-gradient":""},"mobile":{"background-color":"","background-image":"","background-repeat":"repeat","background-position":"center center","background-size":"auto","background-attachment":"scroll","background-type":"","background-media":"","overlay-type":"","overlay-color":"","overlay-opacity":"","overlay-gradient":""}},"ast-content-background-meta":{"desktop":{"background-color":"var(--ast-global-color-5)","background-image":"","background-repeat":"repeat","background-position":"center center","background-size":"auto","background-attachment":"scroll","background-type":"","background-media":"","overlay-type":"","overlay-color":"","overlay-opacity":"","overlay-gradient":""},"tablet":{"background-color":"var(--ast-global-color-5)","background-image":"","background-repeat":"repeat","background-position":"center center","background-size":"auto","background-attachment":"scroll","background-type":"","background-media":"","overlay-type":"","overlay-color":"","overlay-opacity":"","overlay-gradient":""},"mobile":{"background-color":"var(--ast-global-color-5)","background-image":"","background-repeat":"repeat","background-position":"center center","background-size":"auto","background-attachment":"scroll","background-type":"","background-media":"","overlay-type":"","overlay-color":"","overlay-opacity":"","overlay-gradient":""}},"footnotes":""},"categories":[106],"tags":[31],"class_list":["post-9331","post","type-post","status-publish","format-standard","has-post-thumbnail","hentry","category-p-2007","tag-activitats"],"post_mailing_queue_ids":[],"_links":{"self":[{"href":"https:\/\/agora.xtec.cat\/ceipheroisdelbruc\/wp-json\/wp\/v2\/posts\/9331","targetHints":{"allow":["GET"]}}],"collection":[{"href":"https:\/\/agora.xtec.cat\/ceipheroisdelbruc\/wp-json\/wp\/v2\/posts"}],"about":[{"href":"https:\/\/agora.xtec.cat\/ceipheroisdelbruc\/wp-json\/wp\/v2\/types\/post"}],"author":[{"embeddable":true,"href":"https:\/\/agora.xtec.cat\/ceipheroisdelbruc\/wp-json\/wp\/v2\/users\/1"}],"replies":[{"embeddable":true,"href":"https:\/\/agora.xtec.cat\/ceipheroisdelbruc\/wp-json\/wp\/v2\/comments?post=9331"}],"version-history":[{"count":1,"href":"https:\/\/agora.xtec.cat\/ceipheroisdelbruc\/wp-json\/wp\/v2\/posts\/9331\/revisions"}],"predecessor-version":[{"id":9334,"href":"https:\/\/agora.xtec.cat\/ceipheroisdelbruc\/wp-json\/wp\/v2\/posts\/9331\/revisions\/9334"}],"wp:featuredmedia":[{"embeddable":true,"href":"https:\/\/agora.xtec.cat\/ceipheroisdelbruc\/wp-json\/wp\/v2\/media\/9333"}],"wp:attachment":[{"href":"https:\/\/agora.xtec.cat\/ceipheroisdelbruc\/wp-json\/wp\/v2\/media?parent=9331"}],"wp:term":[{"taxonomy":"category","embeddable":true,"href":"https:\/\/agora.xtec.cat\/ceipheroisdelbruc\/wp-json\/wp\/v2\/categories?post=9331"},{"taxonomy":"post_tag","embeddable":true,"href":"https:\/\/agora.xtec.cat\/ceipheroisdelbruc\/wp-json\/wp\/v2\/tags?post=9331"}],"curies":[{"name":"wp","href":"https:\/\/api.w.org\/{rel}","templated":true}]}}