{"id":8092,"date":"2017-05-08T14:21:01","date_gmt":"2017-05-08T12:21:01","guid":{"rendered":"http:\/\/agora.xtec.cat\/ceipheroisdelbruc\/?p=8092"},"modified":"2023-03-03T16:27:30","modified_gmt":"2023-03-03T15:27:30","slug":"mercat-de-sant-jordi","status":"publish","type":"post","link":"https:\/\/agora.xtec.cat\/ceipheroisdelbruc\/general\/mercat-de-sant-jordi\/","title":{"rendered":"Mercat de Sant Jordi"},"content":{"rendered":"<p>El passat dia 21 a l&#8217;escola vam celebrar la diada de Sant Jordi. Com cada any vam montar la fira al pati de l&#8217;escola on va venir molta gent a visitar-la.<\/p>\n<p>Els alumnes de tots els cursos vam fer moltes manualitats i gr\u00e0cies a la gran participaci\u00f3 de les fam\u00edliea va ser un dia perfecte.<\/p>\n<p><img decoding=\"async\" src=\"https:\/\/lh3.googleusercontent.com\/gi_29y01Wi0QpGaVOytAlOjheC7MrXnGtDB54MFIaCA9dypJ0gE4yArREwwXSdOToEgEuPk7-GUsj5dUDFfuIC4ZwaaONrwMk7E-XXWHEefQrRT6u4o4Z4gCeD5E-j1rkGirbqFdKfJC_ntECS4etNy47XBrBbJXKtxrk-PKK1rkn3cEFy7Ie6nPMj-ltuqzxjECngXZvCR6vbDm1gSustY0frR1XD91uzl06EvV6SU8y6ZONwBbL9pdoGNLlda5MMKYJLM0-VXZrwvMHqpeJMuXPgyDcBx_EA_InXK7RMq2sybCP_TU7jBvcKNekIMV2crhEVr4gfFoCjn_QUJnEp_SKgODOOTjxKGJeYXL-COfddu3DpEdCoVO1B6SuD89wmRNjUlCw9dOgVRbAzNvSwABNVcBnz5xyDA7LmiBiDOpifeplJrVOmvJuCer2iP7X88haf3WqQz2XePfDjroNEql_yka-Z24FdBxCIDExheo3amTzdASZIu1EPNBq4VV5S8F85lAdRS_neEzG3YvhBinoj4L1nqB-t140sRqDxLXmib2fKkQhQ_QR5zOPH6RgcsxjZqB3lMab29sFTeLTakVQi32fa9qG7XGgVVcdp84pzYXfl9RcSgTf84vQXfHfE8B91-tqlPdx1o9iBVPQ4lBJ3K50biW4g3krGDm3wc=w1011-h758-no\" \/><\/p>\n<p>Aqu\u00ed teniu l&#8217;enlla\u00e7 amb les fotos de la fira: <a href=\"https:\/\/goo.gl\/photos\/VGQbx2TLgPHq2yBX9\">https:\/\/goo.gl\/photos\/VGQbx2TLgPHq2yBX9<\/a><\/p>\n<p>Ens tornem a veure l&#8217;any vinent!<\/p>\n","protected":false},"excerpt":{"rendered":"<p>El passat dia 21 a l&#8217;escola vam celebrar la diada de Sant Jordi. Com cada any vam montar la fira al pati de l&#8217;escola on va venir molta gent a visitar-la. Els alumnes de tots els cursos vam fer moltes manualitats i gr\u00e0cies a la gran participaci\u00f3 de les fam\u00edliea va ser un dia perfecte. [&hellip;]<\/p>\n","protected":false},"author":1,"featured_media":0,"comment_status":"open","ping_status":"open","sticky":false,"template":"","format":"standard","meta":{"_bbp_topic_count":0,"_bbp_reply_count":0,"_bbp_total_topic_count":0,"_bbp_total_reply_count":0,"_bbp_voice_count":0,"_bbp_anonymous_reply_count":0,"_bbp_topic_count_hidden":0,"_bbp_reply_count_hidden":0,"_bbp_forum_subforum_count":0,"site-sidebar-layout":"default","site-content-layout":"","ast-site-content-layout":"","site-content-style":"default","site-sidebar-style":"default","ast-global-header-display":"","ast-banner-title-visibility":"","ast-main-header-display":"","ast-hfb-above-header-display":"","ast-hfb-below-header-display":"","ast-hfb-mobile-header-display":"","site-post-title":"","ast-breadcrumbs-content":"","ast-featured-img":"","footer-sml-layout":"","theme-transparent-header-meta":"","adv-header-id-meta":"","stick-header-meta":"","header-above-stick-meta":"","header-main-stick-meta":"","header-below-stick-meta":"","astra-migrate-meta-layouts":"default","ast-page-background-enabled":"default","ast-page-background-meta":{"desktop":{"background-color":"var(--ast-global-color-4)","background-image":"","background-repeat":"repeat","background-position":"center center","background-size":"auto","background-attachment":"scroll","background-type":"","background-media":"","overlay-type":"","overlay-color":"","overlay-opacity":"","overlay-gradient":""},"tablet":{"background-color":"","background-image":"","background-repeat":"repeat","background-position":"center center","background-size":"auto","background-attachment":"scroll","background-type":"","background-media":"","overlay-type":"","overlay-color":"","overlay-opacity":"","overlay-gradient":""},"mobile":{"background-color":"","background-image":"","background-repeat":"repeat","background-position":"center center","background-size":"auto","background-attachment":"scroll","background-type":"","background-media":"","overlay-type":"","overlay-color":"","overlay-opacity":"","overlay-gradient":""}},"ast-content-background-meta":{"desktop":{"background-color":"var(--ast-global-color-5)","background-image":"","background-repeat":"repeat","background-position":"center center","background-size":"auto","background-attachment":"scroll","background-type":"","background-media":"","overlay-type":"","overlay-color":"","overlay-opacity":"","overlay-gradient":""},"tablet":{"background-color":"var(--ast-global-color-5)","background-image":"","background-repeat":"repeat","background-position":"center center","background-size":"auto","background-attachment":"scroll","background-type":"","background-media":"","overlay-type":"","overlay-color":"","overlay-opacity":"","overlay-gradient":""},"mobile":{"background-color":"var(--ast-global-color-5)","background-image":"","background-repeat":"repeat","background-position":"center center","background-size":"auto","background-attachment":"scroll","background-type":"","background-media":"","overlay-type":"","overlay-color":"","overlay-opacity":"","overlay-gradient":""}},"footnotes":""},"categories":[1,55,5],"tags":[31,30,64],"class_list":["post-8092","post","type-post","status-publish","format-standard","hentry","category-general","category-infantil","category-primaria","tag-activitats","tag-festes","tag-sant-jordi"],"post_mailing_queue_ids":[],"_links":{"self":[{"href":"https:\/\/agora.xtec.cat\/ceipheroisdelbruc\/wp-json\/wp\/v2\/posts\/8092","targetHints":{"allow":["GET"]}}],"collection":[{"href":"https:\/\/agora.xtec.cat\/ceipheroisdelbruc\/wp-json\/wp\/v2\/posts"}],"about":[{"href":"https:\/\/agora.xtec.cat\/ceipheroisdelbruc\/wp-json\/wp\/v2\/types\/post"}],"author":[{"embeddable":true,"href":"https:\/\/agora.xtec.cat\/ceipheroisdelbruc\/wp-json\/wp\/v2\/users\/1"}],"replies":[{"embeddable":true,"href":"https:\/\/agora.xtec.cat\/ceipheroisdelbruc\/wp-json\/wp\/v2\/comments?post=8092"}],"version-history":[{"count":3,"href":"https:\/\/agora.xtec.cat\/ceipheroisdelbruc\/wp-json\/wp\/v2\/posts\/8092\/revisions"}],"predecessor-version":[{"id":8098,"href":"https:\/\/agora.xtec.cat\/ceipheroisdelbruc\/wp-json\/wp\/v2\/posts\/8092\/revisions\/8098"}],"wp:attachment":[{"href":"https:\/\/agora.xtec.cat\/ceipheroisdelbruc\/wp-json\/wp\/v2\/media?parent=8092"}],"wp:term":[{"taxonomy":"category","embeddable":true,"href":"https:\/\/agora.xtec.cat\/ceipheroisdelbruc\/wp-json\/wp\/v2\/categories?post=8092"},{"taxonomy":"post_tag","embeddable":true,"href":"https:\/\/agora.xtec.cat\/ceipheroisdelbruc\/wp-json\/wp\/v2\/tags?post=8092"}],"curies":[{"name":"wp","href":"https:\/\/api.w.org\/{rel}","templated":true}]}}