{"id":14196,"date":"2025-04-30T13:50:47","date_gmt":"2025-04-30T11:50:47","guid":{"rendered":"https:\/\/agora.xtec.cat\/ceipheroisdelbruc\/?p=14196"},"modified":"2025-10-21T13:10:15","modified_gmt":"2025-10-21T11:10:15","slug":"sortida-al-castell-de-balsareny","status":"publish","type":"post","link":"https:\/\/agora.xtec.cat\/ceipheroisdelbruc\/promocio-2018\/sortida-al-castell-de-balsareny\/","title":{"rendered":"SORTIDA AL CASTELL DE BALSARENY"},"content":{"rendered":"<p>Dijous 24 d&#8217;abril els nens i les nenes de 1r vam visitar el Castell de Balsareny. All\u00e0 ens esperaven el Pau i la Baronessa que ens van guiar i explicar hist\u00f2ries fant\u00e0stiques del Castell. En Pau ens va premiar pel nostre bon comportament, tibant de la corda per fer repicar les campanes de l&#8217;ermita. Va ser un dia per recordar!! Si voleu veure totes les fotografies de la sortida les tindreu totes a la p\u00e0gina web, clicant en aquest <a href=\"https:\/\/drive.google.com\/drive\/folders\/1AfY2w4WcAFWX24_8z6RH-dpr8WHcIn_Z\">enlla\u00e7<\/a>. \ud83c\udff0\ud83e\udd34\ud83c\udffc\ud83d\udc78\ud83c\udffc\ud83e\udd73\ud83e\udd23<\/p>\n<p>&nbsp;<\/p>\n<p><a href=\"https:\/\/agora.xtec.cat\/ceipheroisdelbruc\/wp-content\/uploads\/usu565\/2025\/04\/castell_Balsareny_resized.jpg\"><img loading=\"lazy\" decoding=\"async\" class=\"alignnone size-large wp-image-14197\" src=\"https:\/\/agora.xtec.cat\/ceipheroisdelbruc\/wp-content\/uploads\/usu565\/2025\/04\/castell_Balsareny_resized-768x1024.jpg\" alt=\"\" width=\"768\" height=\"1024\" srcset=\"https:\/\/agora.xtec.cat\/ceipheroisdelbruc\/wp-content\/uploads\/usu565\/2025\/04\/castell_Balsareny_resized-768x1024.jpg 768w, https:\/\/agora.xtec.cat\/ceipheroisdelbruc\/wp-content\/uploads\/usu565\/2025\/04\/castell_Balsareny_resized-225x300.jpg 225w, https:\/\/agora.xtec.cat\/ceipheroisdelbruc\/wp-content\/uploads\/usu565\/2025\/04\/castell_Balsareny_resized.jpg 1024w\" sizes=\"auto, (max-width: 768px) 100vw, 768px\" \/><\/a><\/p>\n","protected":false},"excerpt":{"rendered":"<p>Dijous 24 d&#8217;abril els nens i les nenes de 1r vam visitar el Castell de Balsareny. All\u00e0 ens esperaven el Pau i la Baronessa que ens van guiar i explicar hist\u00f2ries fant\u00e0stiques del Castell. En Pau ens va premiar pel nostre bon comportament, tibant de la corda per fer repicar les campanes de l&#8217;ermita. Va [&hellip;]<\/p>\n","protected":false},"author":63,"featured_media":0,"comment_status":"open","ping_status":"closed","sticky":false,"template":"","format":"standard","meta":{"_bbp_topic_count":0,"_bbp_reply_count":0,"_bbp_total_topic_count":0,"_bbp_total_reply_count":0,"_bbp_voice_count":0,"_bbp_anonymous_reply_count":0,"_bbp_topic_count_hidden":0,"_bbp_reply_count_hidden":0,"_bbp_forum_subforum_count":0,"site-sidebar-layout":"default","site-content-layout":"","ast-site-content-layout":"","site-content-style":"default","site-sidebar-style":"default","ast-global-header-display":"","ast-banner-title-visibility":"","ast-main-header-display":"","ast-hfb-above-header-display":"","ast-hfb-below-header-display":"","ast-hfb-mobile-header-display":"","site-post-title":"","ast-breadcrumbs-content":"","ast-featured-img":"","footer-sml-layout":"","theme-transparent-header-meta":"","adv-header-id-meta":"","stick-header-meta":"","header-above-stick-meta":"","header-main-stick-meta":"","header-below-stick-meta":"","astra-migrate-meta-layouts":"default","ast-page-background-enabled":"default","ast-page-background-meta":{"desktop":{"background-color":"var(--ast-global-color-4)","background-image":"","background-repeat":"repeat","background-position":"center center","background-size":"auto","background-attachment":"scroll","background-type":"","background-media":"","overlay-type":"","overlay-color":"","overlay-opacity":"","overlay-gradient":""},"tablet":{"background-color":"","background-image":"","background-repeat":"repeat","background-position":"center center","background-size":"auto","background-attachment":"scroll","background-type":"","background-media":"","overlay-type":"","overlay-color":"","overlay-opacity":"","overlay-gradient":""},"mobile":{"background-color":"","background-image":"","background-repeat":"repeat","background-position":"center center","background-size":"auto","background-attachment":"scroll","background-type":"","background-media":"","overlay-type":"","overlay-color":"","overlay-opacity":"","overlay-gradient":""}},"ast-content-background-meta":{"desktop":{"background-color":"var(--ast-global-color-5)","background-image":"","background-repeat":"repeat","background-position":"center center","background-size":"auto","background-attachment":"scroll","background-type":"","background-media":"","overlay-type":"","overlay-color":"","overlay-opacity":"","overlay-gradient":""},"tablet":{"background-color":"var(--ast-global-color-5)","background-image":"","background-repeat":"repeat","background-position":"center center","background-size":"auto","background-attachment":"scroll","background-type":"","background-media":"","overlay-type":"","overlay-color":"","overlay-opacity":"","overlay-gradient":""},"mobile":{"background-color":"var(--ast-global-color-5)","background-image":"","background-repeat":"repeat","background-position":"center center","background-size":"auto","background-attachment":"scroll","background-type":"","background-media":"","overlay-type":"","overlay-color":"","overlay-opacity":"","overlay-gradient":""}},"footnotes":""},"categories":[231],"tags":[],"class_list":["post-14196","post","type-post","status-publish","format-standard","hentry","category-promocio-2018"],"post_mailing_queue_ids":[],"_links":{"self":[{"href":"https:\/\/agora.xtec.cat\/ceipheroisdelbruc\/wp-json\/wp\/v2\/posts\/14196","targetHints":{"allow":["GET"]}}],"collection":[{"href":"https:\/\/agora.xtec.cat\/ceipheroisdelbruc\/wp-json\/wp\/v2\/posts"}],"about":[{"href":"https:\/\/agora.xtec.cat\/ceipheroisdelbruc\/wp-json\/wp\/v2\/types\/post"}],"author":[{"embeddable":true,"href":"https:\/\/agora.xtec.cat\/ceipheroisdelbruc\/wp-json\/wp\/v2\/users\/63"}],"replies":[{"embeddable":true,"href":"https:\/\/agora.xtec.cat\/ceipheroisdelbruc\/wp-json\/wp\/v2\/comments?post=14196"}],"version-history":[{"count":1,"href":"https:\/\/agora.xtec.cat\/ceipheroisdelbruc\/wp-json\/wp\/v2\/posts\/14196\/revisions"}],"predecessor-version":[{"id":14198,"href":"https:\/\/agora.xtec.cat\/ceipheroisdelbruc\/wp-json\/wp\/v2\/posts\/14196\/revisions\/14198"}],"wp:attachment":[{"href":"https:\/\/agora.xtec.cat\/ceipheroisdelbruc\/wp-json\/wp\/v2\/media?parent=14196"}],"wp:term":[{"taxonomy":"category","embeddable":true,"href":"https:\/\/agora.xtec.cat\/ceipheroisdelbruc\/wp-json\/wp\/v2\/categories?post=14196"},{"taxonomy":"post_tag","embeddable":true,"href":"https:\/\/agora.xtec.cat\/ceipheroisdelbruc\/wp-json\/wp\/v2\/tags?post=14196"}],"curies":[{"name":"wp","href":"https:\/\/api.w.org\/{rel}","templated":true}]}}