{"id":14107,"date":"2025-03-11T15:37:29","date_gmt":"2025-03-11T14:37:29","guid":{"rendered":"https:\/\/agora.xtec.cat\/ceipheroisdelbruc\/?p=14107"},"modified":"2025-04-25T10:49:25","modified_gmt":"2025-04-25T08:49:25","slug":"preinscripcio-curs-2025-2026","status":"publish","type":"post","link":"https:\/\/agora.xtec.cat\/ceipheroisdelbruc\/general\/preinscripcio-curs-2025-2026\/","title":{"rendered":"PREINSCRIPCI\u00d3 CURS 2025-2026"},"content":{"rendered":"<p>&nbsp;<\/p>\n<p><img loading=\"lazy\" decoding=\"async\" class=\"aligncenter size-large wp-image-14114\" src=\"https:\/\/agora.xtec.cat\/ceipheroisdelbruc\/wp-content\/uploads\/usu565\/2025\/03\/Calendari-1024x724.jpg\" alt=\"\" width=\"1024\" height=\"724\" srcset=\"https:\/\/agora.xtec.cat\/ceipheroisdelbruc\/wp-content\/uploads\/usu565\/2025\/03\/Calendari-1024x724.jpg 1024w, https:\/\/agora.xtec.cat\/ceipheroisdelbruc\/wp-content\/uploads\/usu565\/2025\/03\/Calendari-300x212.jpg 300w, https:\/\/agora.xtec.cat\/ceipheroisdelbruc\/wp-content\/uploads\/usu565\/2025\/03\/Calendari-768x543.jpg 768w, https:\/\/agora.xtec.cat\/ceipheroisdelbruc\/wp-content\/uploads\/usu565\/2025\/03\/Calendari-1536x1086.jpg 1536w, https:\/\/agora.xtec.cat\/ceipheroisdelbruc\/wp-content\/uploads\/usu565\/2025\/03\/Calendari.jpg 2000w\" sizes=\"auto, (max-width: 1024px) 100vw, 1024px\" \/><\/p>\n<h3><span style=\"color: #800000;\"><strong>Informaci\u00f3 Important durant la presentaci\u00f3 i seguiment de la sol\u00b7licitud de preinscripci\u00f3:<\/strong><\/span><\/h3>\n<p>&nbsp;<\/p>\n<ul>\n<li><strong>Presentaci\u00f3 de sol\u00b7licituds: del 12 al 26 de mar\u00e7 de 2025<\/strong><\/li>\n<\/ul>\n<p>\u00c9s molt important respectar les dates, perqu\u00e8 les sol\u00b7licituds que es presentin fora d&#8217;aquest termini perdran totes les prioritats que haurien pogut tenir a l&#8217;hora d&#8217;obtenir pla\u00e7a. Els criteris de prioritat serveixen per donar un puntuaci\u00f3 a cada sol\u00b7licitud. D&#8217;aquesta manera s&#8217;estableix l&#8217;ordre d&#8217;acc\u00e9s a les places de cada centre. Cal presentar la sol\u00b7licitud i adjuntar-hi la documentaci\u00f3 d&#8217;identificaci\u00f3 o de criteris que correspongui.<\/p>\n<p>Totes les sol\u00b7licituds es fan telem\u00e0ticament, a l\u2019escola no heu de portar res. Us deixem l\u2019enlla\u00e7 per accedir directament a la p\u00e0gina web de la preinscripci\u00f3:<\/p>\n<p><a href=\"https:\/\/preinscripcio.gencat.cat\/ca\/inici\/\">https:\/\/preinscripcio.gencat.cat\/ca\/inici\/<\/a><\/p>\n<ul>\n<li><strong>24 d\u2019abril de 2025: llista de sol\u00b7licituds amb la puntuaci\u00f3 provisional<\/strong><\/li>\n<\/ul>\n<ul>\n<li><strong>Del 24 al 29 d\u2019abril de 2025: presentaci\u00f3 de reclamacions <\/strong><\/li>\n<\/ul>\n<p>Durant aquest per\u00edode, si detectes alguna errada o anomalia en el barem assignat, pots presentar una reclamaci\u00f3 (utilitzant l&#8217;eina electr\u00f2nica per adjuntar reclamacions).<\/p>\n<ul>\n<li><strong>5 de maig de 2025: llista de sol\u00b7licituds amb la puntuaci\u00f3 un cop resoltes les reclamacions<\/strong><\/li>\n<\/ul>\n<p>Un cop resoltes totes les reclamacions presentades, el centre publica la llista de sol\u00b7licituds amb la puntuaci\u00f3 i el n\u00famero de desempat corresponent.<\/p>\n<ul>\n<li><strong>8 de maig de 2025: sorteig per resoldre les sol\u00b7licituds de preinscripci\u00f3 empatades en punts<\/strong><\/li>\n<\/ul>\n<p>El nombre de places a cada centre educatiu \u00e9s limitat. Si el nombre de peticions supera el d&#8217;alumnes que l&#8217;escola pot acollir, cal aplicar un sistema de desempat entre les sol\u00b7licituds que tenen la mateixa puntuaci\u00f3. Per fer-ho, s&#8217;obt\u00e9 un n\u00famero per sorteig a partir del qual s&#8217;ordenen totes les peticions empatades en punts, tenint en compte el n\u00famero de desempat que s&#8217;ha assignat a cada sol\u00b7licitud<\/p>\n<ul>\n<li><strong>9 de maig: <\/strong><strong>llista<\/strong> <strong>ordenada<\/strong><\/li>\n<\/ul>\n<p>Despr\u00e9s del sorteig, s&#8217;elabora la llista de sol\u00b7licituds per a l&#8217;assignaci\u00f3 de places. En aquest cas, la llista ja no s&#8217;ordena alfab\u00e8ticament, sin\u00f3 tenint en compte les puntuacions de cada sol\u00b7licitud, de m\u00e9s a menys<\/p>\n<ul>\n<li><strong>Del 4 al 6 de juny de 2025: ampliaci\u00f3 de peticions de preinscripci\u00f3 per a alumnes sense pla\u00e7a assignada a cap centre<\/strong><\/li>\n<\/ul>\n<p>Si no s&#8217;accedeix a cap pla\u00e7a en els centres demanats i es tracta de sol\u00b7licituds en les quals s&#8217;ha marcat expressament que es vol una assignaci\u00f3 d&#8217;ofici, durant aquest per\u00edode es poden ampliar les peticions originals i demanar places en centres que en tinguin de disponibles. Despr\u00e9s d&#8217;aquesta ampliaci\u00f3 de la sol\u00b7licitud, s&#8217;acaba el proc\u00e9s d&#8217;assignaci\u00f3 tenint en compte aquestes peticions ampliades<\/p>\n<ul>\n<li><strong>16 de juny de 2025: oferta final de places escolars<\/strong><\/li>\n<\/ul>\n<p>Publicaci\u00f3 del nombre de places escolars per centre i curs definitiva<\/p>\n<ul>\n<li><strong>16 de juny de 2025: llista d\u2019alumnes admesos i llista d\u2019espera<\/strong><\/li>\n<\/ul>\n<p>Finalment, es publica la llista d&#8217;alumnes admesos al centre i tamb\u00e9 la llista d&#8217;espera<\/p>\n<p>&nbsp;<\/p>\n<p><img loading=\"lazy\" decoding=\"async\" class=\"aligncenter size-full wp-image-14109\" src=\"https:\/\/agora.xtec.cat\/ceipheroisdelbruc\/wp-content\/uploads\/usu565\/2025\/03\/Criteris-assignacio.jpg\" alt=\"\" width=\"1024\" height=\"768\" srcset=\"https:\/\/agora.xtec.cat\/ceipheroisdelbruc\/wp-content\/uploads\/usu565\/2025\/03\/Criteris-assignacio.jpg 1024w, https:\/\/agora.xtec.cat\/ceipheroisdelbruc\/wp-content\/uploads\/usu565\/2025\/03\/Criteris-assignacio-300x225.jpg 300w, https:\/\/agora.xtec.cat\/ceipheroisdelbruc\/wp-content\/uploads\/usu565\/2025\/03\/Criteris-assignacio-768x576.jpg 768w, https:\/\/agora.xtec.cat\/ceipheroisdelbruc\/wp-content\/uploads\/usu565\/2025\/03\/Criteris-assignacio-200x150.jpg 200w\" sizes=\"auto, (max-width: 1024px) 100vw, 1024px\" \/><\/p>\n<p>&nbsp;<\/p>\n","protected":false},"excerpt":{"rendered":"<p>&nbsp; Informaci\u00f3 Important durant la presentaci\u00f3 i seguiment de la sol\u00b7licitud de preinscripci\u00f3: &nbsp; Presentaci\u00f3 de sol\u00b7licituds: del 12 al 26 de mar\u00e7 de 2025 \u00c9s molt important respectar les dates, perqu\u00e8 les sol\u00b7licituds que es presentin fora d&#8217;aquest termini perdran totes les prioritats que haurien pogut tenir a l&#8217;hora d&#8217;obtenir pla\u00e7a. Els criteris de [&hellip;]<\/p>\n","protected":false},"author":1,"featured_media":0,"comment_status":"open","ping_status":"closed","sticky":false,"template":"","format":"standard","meta":{"_bbp_topic_count":0,"_bbp_reply_count":0,"_bbp_total_topic_count":0,"_bbp_total_reply_count":0,"_bbp_voice_count":0,"_bbp_anonymous_reply_count":0,"_bbp_topic_count_hidden":0,"_bbp_reply_count_hidden":0,"_bbp_forum_subforum_count":0,"site-sidebar-layout":"default","site-content-layout":"","ast-site-content-layout":"","site-content-style":"default","site-sidebar-style":"default","ast-global-header-display":"","ast-banner-title-visibility":"","ast-main-header-display":"","ast-hfb-above-header-display":"","ast-hfb-below-header-display":"","ast-hfb-mobile-header-display":"","site-post-title":"","ast-breadcrumbs-content":"","ast-featured-img":"","footer-sml-layout":"","theme-transparent-header-meta":"","adv-header-id-meta":"","stick-header-meta":"","header-above-stick-meta":"","header-main-stick-meta":"","header-below-stick-meta":"","astra-migrate-meta-layouts":"default","ast-page-background-enabled":"default","ast-page-background-meta":{"desktop":{"background-color":"var(--ast-global-color-4)","background-image":"","background-repeat":"repeat","background-position":"center center","background-size":"auto","background-attachment":"scroll","background-type":"","background-media":"","overlay-type":"","overlay-color":"","overlay-opacity":"","overlay-gradient":""},"tablet":{"background-color":"","background-image":"","background-repeat":"repeat","background-position":"center center","background-size":"auto","background-attachment":"scroll","background-type":"","background-media":"","overlay-type":"","overlay-color":"","overlay-opacity":"","overlay-gradient":""},"mobile":{"background-color":"","background-image":"","background-repeat":"repeat","background-position":"center center","background-size":"auto","background-attachment":"scroll","background-type":"","background-media":"","overlay-type":"","overlay-color":"","overlay-opacity":"","overlay-gradient":""}},"ast-content-background-meta":{"desktop":{"background-color":"var(--ast-global-color-5)","background-image":"","background-repeat":"repeat","background-position":"center center","background-size":"auto","background-attachment":"scroll","background-type":"","background-media":"","overlay-type":"","overlay-color":"","overlay-opacity":"","overlay-gradient":""},"tablet":{"background-color":"var(--ast-global-color-5)","background-image":"","background-repeat":"repeat","background-position":"center center","background-size":"auto","background-attachment":"scroll","background-type":"","background-media":"","overlay-type":"","overlay-color":"","overlay-opacity":"","overlay-gradient":""},"mobile":{"background-color":"var(--ast-global-color-5)","background-image":"","background-repeat":"repeat","background-position":"center center","background-size":"auto","background-attachment":"scroll","background-type":"","background-media":"","overlay-type":"","overlay-color":"","overlay-opacity":"","overlay-gradient":""}},"footnotes":""},"categories":[1],"tags":[],"class_list":["post-14107","post","type-post","status-publish","format-standard","hentry","category-general"],"post_mailing_queue_ids":[],"_links":{"self":[{"href":"https:\/\/agora.xtec.cat\/ceipheroisdelbruc\/wp-json\/wp\/v2\/posts\/14107","targetHints":{"allow":["GET"]}}],"collection":[{"href":"https:\/\/agora.xtec.cat\/ceipheroisdelbruc\/wp-json\/wp\/v2\/posts"}],"about":[{"href":"https:\/\/agora.xtec.cat\/ceipheroisdelbruc\/wp-json\/wp\/v2\/types\/post"}],"author":[{"embeddable":true,"href":"https:\/\/agora.xtec.cat\/ceipheroisdelbruc\/wp-json\/wp\/v2\/users\/1"}],"replies":[{"embeddable":true,"href":"https:\/\/agora.xtec.cat\/ceipheroisdelbruc\/wp-json\/wp\/v2\/comments?post=14107"}],"version-history":[{"count":5,"href":"https:\/\/agora.xtec.cat\/ceipheroisdelbruc\/wp-json\/wp\/v2\/posts\/14107\/revisions"}],"predecessor-version":[{"id":14195,"href":"https:\/\/agora.xtec.cat\/ceipheroisdelbruc\/wp-json\/wp\/v2\/posts\/14107\/revisions\/14195"}],"wp:attachment":[{"href":"https:\/\/agora.xtec.cat\/ceipheroisdelbruc\/wp-json\/wp\/v2\/media?parent=14107"}],"wp:term":[{"taxonomy":"category","embeddable":true,"href":"https:\/\/agora.xtec.cat\/ceipheroisdelbruc\/wp-json\/wp\/v2\/categories?post=14107"},{"taxonomy":"post_tag","embeddable":true,"href":"https:\/\/agora.xtec.cat\/ceipheroisdelbruc\/wp-json\/wp\/v2\/tags?post=14107"}],"curies":[{"name":"wp","href":"https:\/\/api.w.org\/{rel}","templated":true}]}}