{"id":12027,"date":"2019-06-05T23:38:09","date_gmt":"2019-06-05T21:38:09","guid":{"rendered":"http:\/\/agora.xtec.cat\/ceipheroisdelbruc\/?p=12027"},"modified":"2022-09-05T14:34:52","modified_gmt":"2022-09-05T12:34:52","slug":"families-creatives-sara-3r-c","status":"publish","type":"post","link":"https:\/\/agora.xtec.cat\/ceipheroisdelbruc\/p-2010\/families-creatives-sara-3r-c\/","title":{"rendered":"Fam\u00edlies Creatives&#8230;Sara 3r C"},"content":{"rendered":"<p><a href=\"https:\/\/agora.xtec.cat\/ceipheroisdelbruc\/wp-content\/uploads\/usu565\/2019\/06\/PRINCIPAL.jpg\"><img loading=\"lazy\" decoding=\"async\" class=\"alignnone size-large wp-image-12028\" src=\"https:\/\/agora.xtec.cat\/ceipheroisdelbruc\/wp-content\/uploads\/usu565\/2019\/06\/PRINCIPAL-1024x768.jpg\" alt=\"\" width=\"1024\" height=\"768\" srcset=\"https:\/\/agora.xtec.cat\/ceipheroisdelbruc\/wp-content\/uploads\/usu565\/2019\/06\/PRINCIPAL-1024x768.jpg 1024w, https:\/\/agora.xtec.cat\/ceipheroisdelbruc\/wp-content\/uploads\/usu565\/2019\/06\/PRINCIPAL-300x225.jpg 300w, https:\/\/agora.xtec.cat\/ceipheroisdelbruc\/wp-content\/uploads\/usu565\/2019\/06\/PRINCIPAL-768x576.jpg 768w, https:\/\/agora.xtec.cat\/ceipheroisdelbruc\/wp-content\/uploads\/usu565\/2019\/06\/PRINCIPAL-200x150.jpg 200w, https:\/\/agora.xtec.cat\/ceipheroisdelbruc\/wp-content\/uploads\/usu565\/2019\/06\/PRINCIPAL.jpg 1872w\" sizes=\"auto, (max-width: 1024px) 100vw, 1024px\" \/><\/a><\/p>\n<p class=\"western\">El 2 de maig la Sara i la seva fam\u00edlia ens van ensenyar a fer crema d\u2019\u00c0loe vera.<\/p>\n<p class=\"western\">Vam aprendre les propietats de l\u00a1\u00e0loe vera i vam elaborar crema amb ingredients natural de manera f\u00e0cil i r\u00e0pida.<\/p>\n<p class=\"western\">Moltes gr\u00e0cies Sara i fam\u00edlia, per aquesta activitat tant divertida i motivadora.<\/p>\n<p>&nbsp;<\/p>\n<h5 style=\"text-align: center;\"><a href=\"https:\/\/photos.app.goo.gl\/7KCTFVKAxj7xVU2H6\" target=\"_blank\" rel=\"noopener noreferrer\"><strong>FOTOS<\/strong><\/a><\/h5>\n","protected":false},"excerpt":{"rendered":"<p>El 2 de maig la Sara i la seva fam\u00edlia ens van ensenyar a fer crema d\u2019\u00c0loe vera. Vam aprendre les propietats de l\u00a1\u00e0loe vera i vam elaborar crema amb ingredients natural de manera f\u00e0cil i r\u00e0pida. Moltes gr\u00e0cies Sara i fam\u00edlia, per aquesta activitat tant divertida i motivadora. &nbsp; FOTOS<\/p>\n","protected":false},"author":1,"featured_media":757,"comment_status":"open","ping_status":"closed","sticky":false,"template":"","format":"standard","meta":{"_bbp_topic_count":0,"_bbp_reply_count":0,"_bbp_total_topic_count":0,"_bbp_total_reply_count":0,"_bbp_voice_count":0,"_bbp_anonymous_reply_count":0,"_bbp_topic_count_hidden":0,"_bbp_reply_count_hidden":0,"_bbp_forum_subforum_count":0,"site-sidebar-layout":"default","site-content-layout":"","ast-site-content-layout":"","site-content-style":"default","site-sidebar-style":"default","ast-global-header-display":"","ast-banner-title-visibility":"","ast-main-header-display":"","ast-hfb-above-header-display":"","ast-hfb-below-header-display":"","ast-hfb-mobile-header-display":"","site-post-title":"","ast-breadcrumbs-content":"","ast-featured-img":"","footer-sml-layout":"","theme-transparent-header-meta":"","adv-header-id-meta":"","stick-header-meta":"","header-above-stick-meta":"","header-main-stick-meta":"","header-below-stick-meta":"","astra-migrate-meta-layouts":"default","ast-page-background-enabled":"default","ast-page-background-meta":{"desktop":{"background-color":"var(--ast-global-color-4)","background-image":"","background-repeat":"repeat","background-position":"center center","background-size":"auto","background-attachment":"scroll","background-type":"","background-media":"","overlay-type":"","overlay-color":"","overlay-opacity":"","overlay-gradient":""},"tablet":{"background-color":"","background-image":"","background-repeat":"repeat","background-position":"center center","background-size":"auto","background-attachment":"scroll","background-type":"","background-media":"","overlay-type":"","overlay-color":"","overlay-opacity":"","overlay-gradient":""},"mobile":{"background-color":"","background-image":"","background-repeat":"repeat","background-position":"center center","background-size":"auto","background-attachment":"scroll","background-type":"","background-media":"","overlay-type":"","overlay-color":"","overlay-opacity":"","overlay-gradient":""}},"ast-content-background-meta":{"desktop":{"background-color":"var(--ast-global-color-5)","background-image":"","background-repeat":"repeat","background-position":"center center","background-size":"auto","background-attachment":"scroll","background-type":"","background-media":"","overlay-type":"","overlay-color":"","overlay-opacity":"","overlay-gradient":""},"tablet":{"background-color":"var(--ast-global-color-5)","background-image":"","background-repeat":"repeat","background-position":"center center","background-size":"auto","background-attachment":"scroll","background-type":"","background-media":"","overlay-type":"","overlay-color":"","overlay-opacity":"","overlay-gradient":""},"mobile":{"background-color":"var(--ast-global-color-5)","background-image":"","background-repeat":"repeat","background-position":"center center","background-size":"auto","background-attachment":"scroll","background-type":"","background-media":"","overlay-type":"","overlay-color":"","overlay-opacity":"","overlay-gradient":""}},"footnotes":""},"categories":[103],"tags":[],"class_list":["post-12027","post","type-post","status-publish","format-standard","has-post-thumbnail","hentry","category-p-2010"],"post_mailing_queue_ids":[],"_links":{"self":[{"href":"https:\/\/agora.xtec.cat\/ceipheroisdelbruc\/wp-json\/wp\/v2\/posts\/12027","targetHints":{"allow":["GET"]}}],"collection":[{"href":"https:\/\/agora.xtec.cat\/ceipheroisdelbruc\/wp-json\/wp\/v2\/posts"}],"about":[{"href":"https:\/\/agora.xtec.cat\/ceipheroisdelbruc\/wp-json\/wp\/v2\/types\/post"}],"author":[{"embeddable":true,"href":"https:\/\/agora.xtec.cat\/ceipheroisdelbruc\/wp-json\/wp\/v2\/users\/1"}],"replies":[{"embeddable":true,"href":"https:\/\/agora.xtec.cat\/ceipheroisdelbruc\/wp-json\/wp\/v2\/comments?post=12027"}],"version-history":[{"count":1,"href":"https:\/\/agora.xtec.cat\/ceipheroisdelbruc\/wp-json\/wp\/v2\/posts\/12027\/revisions"}],"predecessor-version":[{"id":12029,"href":"https:\/\/agora.xtec.cat\/ceipheroisdelbruc\/wp-json\/wp\/v2\/posts\/12027\/revisions\/12029"}],"wp:featuredmedia":[{"embeddable":true,"href":"https:\/\/agora.xtec.cat\/ceipheroisdelbruc\/wp-json\/wp\/v2\/media\/757"}],"wp:attachment":[{"href":"https:\/\/agora.xtec.cat\/ceipheroisdelbruc\/wp-json\/wp\/v2\/media?parent=12027"}],"wp:term":[{"taxonomy":"category","embeddable":true,"href":"https:\/\/agora.xtec.cat\/ceipheroisdelbruc\/wp-json\/wp\/v2\/categories?post=12027"},{"taxonomy":"post_tag","embeddable":true,"href":"https:\/\/agora.xtec.cat\/ceipheroisdelbruc\/wp-json\/wp\/v2\/tags?post=12027"}],"curies":[{"name":"wp","href":"https:\/\/api.w.org\/{rel}","templated":true}]}}