{"id":11664,"date":"2019-01-06T21:45:14","date_gmt":"2019-01-06T20:45:14","guid":{"rendered":"http:\/\/agora.xtec.cat\/ceipheroisdelbruc\/?p=11664"},"modified":"2019-09-23T13:03:20","modified_gmt":"2019-09-23T11:03:20","slug":"families-creatives-paula-del-cid","status":"publish","type":"post","link":"https:\/\/agora.xtec.cat\/ceipheroisdelbruc\/p-2010\/families-creatives-paula-del-cid\/","title":{"rendered":"Fam\u00edlies creatives&#8230;Paula del Cid"},"content":{"rendered":"<p style=\"text-align: center;\"><a href=\"https:\/\/agora.xtec.cat\/ceipheroisdelbruc\/wp-content\/uploads\/usu565\/2019\/01\/web-2.jpg\"><img loading=\"lazy\" decoding=\"async\" class=\"alignnone size-large wp-image-11665\" src=\"https:\/\/agora.xtec.cat\/ceipheroisdelbruc\/wp-content\/uploads\/usu565\/2019\/01\/web-2-1024x768.jpg\" alt=\"\" width=\"1024\" height=\"768\" srcset=\"https:\/\/agora.xtec.cat\/ceipheroisdelbruc\/wp-content\/uploads\/usu565\/2019\/01\/web-2-1024x768.jpg 1024w, https:\/\/agora.xtec.cat\/ceipheroisdelbruc\/wp-content\/uploads\/usu565\/2019\/01\/web-2-300x225.jpg 300w, https:\/\/agora.xtec.cat\/ceipheroisdelbruc\/wp-content\/uploads\/usu565\/2019\/01\/web-2-768x576.jpg 768w, https:\/\/agora.xtec.cat\/ceipheroisdelbruc\/wp-content\/uploads\/usu565\/2019\/01\/web-2-200x150.jpg 200w, https:\/\/agora.xtec.cat\/ceipheroisdelbruc\/wp-content\/uploads\/usu565\/2019\/01\/web-2.jpg 1935w\" sizes=\"auto, (max-width: 1024px) 100vw, 1024px\" \/><\/a><\/p>\n<p>Abans d&#8217;acabar el 1r trimestre, la Paula i la seva mare van venir a la classe de 3r B a ensenyar-nos a fer galetes. Entre tots vam fer i escriure tot el proc\u00e9s: ingredients i passos d&#8217;elaboraci\u00f3.<\/p>\n<p>Aix\u00ed , vam fer la massa, vam escollir les formes que voliem que tinguessin amb els diferents motlles, vam col\u00b7locar-les a les safates per pos ar-les al forn, les vam deixar refredar i finalment ens les vam menjar a la tarda.<\/p>\n<p><span style=\"font-family: inherit; font-size: 1em;\">Va ser un dia molt dol\u00e7, segur ara que ja sabem com es fan les tornarem a fer a casa.<\/span><\/p>\n<p><a href=\"https:\/\/photos.app.goo.gl\/1M9i3mXEGYeJJ3AM8\" target=\"_blank\" rel=\"noopener noreferrer\">FOTOS<\/a><\/p>\n","protected":false},"excerpt":{"rendered":"<p>Abans d&#8217;acabar el 1r trimestre, la Paula i la seva mare van venir a la classe de 3r B a ensenyar-nos a fer galetes. Entre tots vam fer i escriure tot el proc\u00e9s: ingredients i passos d&#8217;elaboraci\u00f3. Aix\u00ed , vam fer la massa, vam escollir les formes que voliem que tinguessin amb els diferents motlles, [&hellip;]<\/p>\n","protected":false},"author":1,"featured_media":757,"comment_status":"open","ping_status":"closed","sticky":false,"template":"","format":"standard","meta":{"_bbp_topic_count":0,"_bbp_reply_count":0,"_bbp_total_topic_count":0,"_bbp_total_reply_count":0,"_bbp_voice_count":0,"_bbp_anonymous_reply_count":0,"_bbp_topic_count_hidden":0,"_bbp_reply_count_hidden":0,"_bbp_forum_subforum_count":0,"site-sidebar-layout":"default","site-content-layout":"","ast-site-content-layout":"","site-content-style":"default","site-sidebar-style":"default","ast-global-header-display":"","ast-banner-title-visibility":"","ast-main-header-display":"","ast-hfb-above-header-display":"","ast-hfb-below-header-display":"","ast-hfb-mobile-header-display":"","site-post-title":"","ast-breadcrumbs-content":"","ast-featured-img":"","footer-sml-layout":"","theme-transparent-header-meta":"","adv-header-id-meta":"","stick-header-meta":"","header-above-stick-meta":"","header-main-stick-meta":"","header-below-stick-meta":"","astra-migrate-meta-layouts":"default","ast-page-background-enabled":"default","ast-page-background-meta":{"desktop":{"background-color":"var(--ast-global-color-4)","background-image":"","background-repeat":"repeat","background-position":"center center","background-size":"auto","background-attachment":"scroll","background-type":"","background-media":"","overlay-type":"","overlay-color":"","overlay-opacity":"","overlay-gradient":""},"tablet":{"background-color":"","background-image":"","background-repeat":"repeat","background-position":"center center","background-size":"auto","background-attachment":"scroll","background-type":"","background-media":"","overlay-type":"","overlay-color":"","overlay-opacity":"","overlay-gradient":""},"mobile":{"background-color":"","background-image":"","background-repeat":"repeat","background-position":"center center","background-size":"auto","background-attachment":"scroll","background-type":"","background-media":"","overlay-type":"","overlay-color":"","overlay-opacity":"","overlay-gradient":""}},"ast-content-background-meta":{"desktop":{"background-color":"var(--ast-global-color-5)","background-image":"","background-repeat":"repeat","background-position":"center center","background-size":"auto","background-attachment":"scroll","background-type":"","background-media":"","overlay-type":"","overlay-color":"","overlay-opacity":"","overlay-gradient":""},"tablet":{"background-color":"var(--ast-global-color-5)","background-image":"","background-repeat":"repeat","background-position":"center center","background-size":"auto","background-attachment":"scroll","background-type":"","background-media":"","overlay-type":"","overlay-color":"","overlay-opacity":"","overlay-gradient":""},"mobile":{"background-color":"var(--ast-global-color-5)","background-image":"","background-repeat":"repeat","background-position":"center center","background-size":"auto","background-attachment":"scroll","background-type":"","background-media":"","overlay-type":"","overlay-color":"","overlay-opacity":"","overlay-gradient":""}},"footnotes":""},"categories":[103],"tags":[27,31,197],"class_list":["post-11664","post","type-post","status-publish","format-standard","has-post-thumbnail","hentry","category-p-2010","tag-3r","tag-activitats","tag-families-creatives"],"post_mailing_queue_ids":[],"_links":{"self":[{"href":"https:\/\/agora.xtec.cat\/ceipheroisdelbruc\/wp-json\/wp\/v2\/posts\/11664","targetHints":{"allow":["GET"]}}],"collection":[{"href":"https:\/\/agora.xtec.cat\/ceipheroisdelbruc\/wp-json\/wp\/v2\/posts"}],"about":[{"href":"https:\/\/agora.xtec.cat\/ceipheroisdelbruc\/wp-json\/wp\/v2\/types\/post"}],"author":[{"embeddable":true,"href":"https:\/\/agora.xtec.cat\/ceipheroisdelbruc\/wp-json\/wp\/v2\/users\/1"}],"replies":[{"embeddable":true,"href":"https:\/\/agora.xtec.cat\/ceipheroisdelbruc\/wp-json\/wp\/v2\/comments?post=11664"}],"version-history":[{"count":2,"href":"https:\/\/agora.xtec.cat\/ceipheroisdelbruc\/wp-json\/wp\/v2\/posts\/11664\/revisions"}],"predecessor-version":[{"id":12189,"href":"https:\/\/agora.xtec.cat\/ceipheroisdelbruc\/wp-json\/wp\/v2\/posts\/11664\/revisions\/12189"}],"wp:featuredmedia":[{"embeddable":true,"href":"https:\/\/agora.xtec.cat\/ceipheroisdelbruc\/wp-json\/wp\/v2\/media\/757"}],"wp:attachment":[{"href":"https:\/\/agora.xtec.cat\/ceipheroisdelbruc\/wp-json\/wp\/v2\/media?parent=11664"}],"wp:term":[{"taxonomy":"category","embeddable":true,"href":"https:\/\/agora.xtec.cat\/ceipheroisdelbruc\/wp-json\/wp\/v2\/categories?post=11664"},{"taxonomy":"post_tag","embeddable":true,"href":"https:\/\/agora.xtec.cat\/ceipheroisdelbruc\/wp-json\/wp\/v2\/tags?post=11664"}],"curies":[{"name":"wp","href":"https:\/\/api.w.org\/{rel}","templated":true}]}}