{"id":11304,"date":"2018-09-07T11:14:01","date_gmt":"2018-09-07T09:14:01","guid":{"rendered":"http:\/\/agora.xtec.cat\/ceipheroisdelbruc\/?p=11304"},"modified":"2018-09-07T11:14:40","modified_gmt":"2018-09-07T09:14:40","slug":"la-musica-a-cicle-superior","status":"publish","type":"post","link":"https:\/\/agora.xtec.cat\/ceipheroisdelbruc\/primaria\/la-musica-a-cicle-superior\/","title":{"rendered":"La M\u00daSICA a Cicle Superior"},"content":{"rendered":"<p>Al\u00a0Cicle Superior, els grans de l\u2019escola, treballem molt. A m\u00fasica no nom\u00e9s aprenem can\u00e7ons, aprofondim en la lectoescriptura musical i gr\u00e0cies a aix\u00f2 ens \u00e9s f\u00e0cil de llegir partitures i despr\u00e9s practicar-les amb flauta, que \u00e9s el que m\u00e9s ens agrada.<\/p>\n<p>Participem i col.laborem en les festes de l&#8217;escola i compartim tot el que aprenem a trav\u00e9s dels diferents projectes del curs.<\/p>\n<p>Els alumnes de 5\u00e8 a la &#8220;Tocatta&#8221; t\u00e9nen la oportunitat de familiaritzar-se amb un instrument i fer-lo sonar de manera que puguin tenir l&#8217;experi\u00e8ncia de tocar en grup tot assumint diferents rols. \u00c9s una iniciativa que organitza\u00a0 l&#8217;Escola Municipal de M\u00fasica.<\/p>\n<p>Els alumnes de 6\u00e8 participem en la realitzaci\u00f3 d&#8217; un teatre musical per Nadal.<\/p>\n<p>Tamb\u00e9 fem for\u00e7a audicions on, a m\u00e9s de gaudir de la m\u00fasica popular i moderna, aprenem diferents formes musicals, a classificar la m\u00fasica en els seus estils i periodes, i coneixem els\u00a0 autors de la m\u00fasica culta\u00a0 que han perdurat fins als nostres temps.<\/p>\n<p>&nbsp;<\/p>\n","protected":false},"excerpt":{"rendered":"<p>Al\u00a0Cicle Superior, els grans de l\u2019escola, treballem molt. A m\u00fasica no nom\u00e9s aprenem can\u00e7ons, aprofondim en la lectoescriptura musical i gr\u00e0cies a aix\u00f2 ens \u00e9s f\u00e0cil de llegir partitures i despr\u00e9s practicar-les amb flauta, que \u00e9s el que m\u00e9s ens agrada. Participem i col.laborem en les festes de l&#8217;escola i compartim tot el que aprenem [&hellip;]<\/p>\n","protected":false},"author":1,"featured_media":0,"comment_status":"open","ping_status":"closed","sticky":false,"template":"","format":"standard","meta":{"_bbp_topic_count":0,"_bbp_reply_count":0,"_bbp_total_topic_count":0,"_bbp_total_reply_count":0,"_bbp_voice_count":0,"_bbp_anonymous_reply_count":0,"_bbp_topic_count_hidden":0,"_bbp_reply_count_hidden":0,"_bbp_forum_subforum_count":0,"site-sidebar-layout":"default","site-content-layout":"","ast-site-content-layout":"","site-content-style":"default","site-sidebar-style":"default","ast-global-header-display":"","ast-banner-title-visibility":"","ast-main-header-display":"","ast-hfb-above-header-display":"","ast-hfb-below-header-display":"","ast-hfb-mobile-header-display":"","site-post-title":"","ast-breadcrumbs-content":"","ast-featured-img":"","footer-sml-layout":"","theme-transparent-header-meta":"","adv-header-id-meta":"","stick-header-meta":"","header-above-stick-meta":"","header-main-stick-meta":"","header-below-stick-meta":"","astra-migrate-meta-layouts":"default","ast-page-background-enabled":"default","ast-page-background-meta":{"desktop":{"background-color":"var(--ast-global-color-4)","background-image":"","background-repeat":"repeat","background-position":"center center","background-size":"auto","background-attachment":"scroll","background-type":"","background-media":"","overlay-type":"","overlay-color":"","overlay-opacity":"","overlay-gradient":""},"tablet":{"background-color":"","background-image":"","background-repeat":"repeat","background-position":"center center","background-size":"auto","background-attachment":"scroll","background-type":"","background-media":"","overlay-type":"","overlay-color":"","overlay-opacity":"","overlay-gradient":""},"mobile":{"background-color":"","background-image":"","background-repeat":"repeat","background-position":"center center","background-size":"auto","background-attachment":"scroll","background-type":"","background-media":"","overlay-type":"","overlay-color":"","overlay-opacity":"","overlay-gradient":""}},"ast-content-background-meta":{"desktop":{"background-color":"var(--ast-global-color-5)","background-image":"","background-repeat":"repeat","background-position":"center center","background-size":"auto","background-attachment":"scroll","background-type":"","background-media":"","overlay-type":"","overlay-color":"","overlay-opacity":"","overlay-gradient":""},"tablet":{"background-color":"var(--ast-global-color-5)","background-image":"","background-repeat":"repeat","background-position":"center center","background-size":"auto","background-attachment":"scroll","background-type":"","background-media":"","overlay-type":"","overlay-color":"","overlay-opacity":"","overlay-gradient":""},"mobile":{"background-color":"var(--ast-global-color-5)","background-image":"","background-repeat":"repeat","background-position":"center center","background-size":"auto","background-attachment":"scroll","background-type":"","background-media":"","overlay-type":"","overlay-color":"","overlay-opacity":"","overlay-gradient":""}},"footnotes":""},"categories":[97,5],"tags":[46,41],"class_list":["post-11304","post","type-post","status-publish","format-standard","hentry","category-musica","category-primaria","tag-cicle-superior","tag-musica"],"post_mailing_queue_ids":[],"_links":{"self":[{"href":"https:\/\/agora.xtec.cat\/ceipheroisdelbruc\/wp-json\/wp\/v2\/posts\/11304","targetHints":{"allow":["GET"]}}],"collection":[{"href":"https:\/\/agora.xtec.cat\/ceipheroisdelbruc\/wp-json\/wp\/v2\/posts"}],"about":[{"href":"https:\/\/agora.xtec.cat\/ceipheroisdelbruc\/wp-json\/wp\/v2\/types\/post"}],"author":[{"embeddable":true,"href":"https:\/\/agora.xtec.cat\/ceipheroisdelbruc\/wp-json\/wp\/v2\/users\/1"}],"replies":[{"embeddable":true,"href":"https:\/\/agora.xtec.cat\/ceipheroisdelbruc\/wp-json\/wp\/v2\/comments?post=11304"}],"version-history":[{"count":4,"href":"https:\/\/agora.xtec.cat\/ceipheroisdelbruc\/wp-json\/wp\/v2\/posts\/11304\/revisions"}],"predecessor-version":[{"id":11309,"href":"https:\/\/agora.xtec.cat\/ceipheroisdelbruc\/wp-json\/wp\/v2\/posts\/11304\/revisions\/11309"}],"wp:attachment":[{"href":"https:\/\/agora.xtec.cat\/ceipheroisdelbruc\/wp-json\/wp\/v2\/media?parent=11304"}],"wp:term":[{"taxonomy":"category","embeddable":true,"href":"https:\/\/agora.xtec.cat\/ceipheroisdelbruc\/wp-json\/wp\/v2\/categories?post=11304"},{"taxonomy":"post_tag","embeddable":true,"href":"https:\/\/agora.xtec.cat\/ceipheroisdelbruc\/wp-json\/wp\/v2\/tags?post=11304"}],"curies":[{"name":"wp","href":"https:\/\/api.w.org\/{rel}","templated":true}]}}