{"id":10852,"date":"2018-04-19T12:27:18","date_gmt":"2018-04-19T10:27:18","guid":{"rendered":"http:\/\/agora.xtec.cat\/ceipheroisdelbruc\/?p=10852"},"modified":"2019-09-20T12:24:48","modified_gmt":"2019-09-20T10:24:48","slug":"museu-de-la-xocolata","status":"publish","type":"post","link":"https:\/\/agora.xtec.cat\/ceipheroisdelbruc\/general\/museu-de-la-xocolata\/","title":{"rendered":"MUSEU DE LA XOCOLATA"},"content":{"rendered":"<p>El passat 8 de mar\u00e7, els nens i nenes de segon vam anar al Museu de la Xocolata a Barcelona i ens ho vam passar genial.<\/p>\n<p>Vam veure el museu de la xocolata on vam aprendre d&#8217;on v\u00e9 el cacao entre altres coses. All\u00e0 tamb\u00e9 vam veure figures gegants de xocolata que semblaven escultures pel seu tamany i els detalls que tenien.<\/p>\n<p>A\u00a0dins del Museu \u00a0vam fer un taller , on vam poder fer una figureta de xocolata amb forma d&#8217;animal a partir d&#8217;un motlle; per\u00f2 aix\u00f2 no va ser tot ja que tamb\u00e9 vam fer dibuixos amb xocolata i el que vam fer molt va ser: menjar molta xocolata ! nyam!<\/p>\n<p>Despr\u00e9s vam anar al parc de la Ciutadella a dinar i \u00e9s un lloc preci\u00f3s! Us deixem les fotos de grup i m\u00e9s a baix el link amb totes les fotos de la sortida \ud83d\ude42<\/p>\n<p><a href=\"http:\/\/agora.xtec.cat\/ceipheroisdelbruc\/wp-content\/uploads\/usu565\/2018\/04\/IMG-20180313-WA0006e.jpg\"><img loading=\"lazy\" decoding=\"async\" class=\"alignnone size-full wp-image-10930\" src=\"http:\/\/agora.xtec.cat\/ceipheroisdelbruc\/wp-content\/uploads\/usu565\/2018\/04\/IMG-20180313-WA0006e.jpg\" alt=\"\" width=\"800\" height=\"600\" srcset=\"https:\/\/agora.xtec.cat\/ceipheroisdelbruc\/wp-content\/uploads\/usu565\/2018\/04\/IMG-20180313-WA0006e.jpg 800w, https:\/\/agora.xtec.cat\/ceipheroisdelbruc\/wp-content\/uploads\/usu565\/2018\/04\/IMG-20180313-WA0006e-300x225.jpg 300w, https:\/\/agora.xtec.cat\/ceipheroisdelbruc\/wp-content\/uploads\/usu565\/2018\/04\/IMG-20180313-WA0006e-768x576.jpg 768w, https:\/\/agora.xtec.cat\/ceipheroisdelbruc\/wp-content\/uploads\/usu565\/2018\/04\/IMG-20180313-WA0006e-200x150.jpg 200w\" sizes=\"auto, (max-width: 800px) 100vw, 800px\" \/><\/a><\/p>\n<p><a href=\"http:\/\/agora.xtec.cat\/ceipheroisdelbruc\/wp-content\/uploads\/usu565\/2018\/04\/IMG-20180313-WA0009e.jpg\"><img loading=\"lazy\" decoding=\"async\" class=\"alignnone size-full wp-image-10932\" src=\"http:\/\/agora.xtec.cat\/ceipheroisdelbruc\/wp-content\/uploads\/usu565\/2018\/04\/IMG-20180313-WA0009e.jpg\" alt=\"\" width=\"800\" height=\"600\" srcset=\"https:\/\/agora.xtec.cat\/ceipheroisdelbruc\/wp-content\/uploads\/usu565\/2018\/04\/IMG-20180313-WA0009e.jpg 800w, https:\/\/agora.xtec.cat\/ceipheroisdelbruc\/wp-content\/uploads\/usu565\/2018\/04\/IMG-20180313-WA0009e-300x225.jpg 300w, https:\/\/agora.xtec.cat\/ceipheroisdelbruc\/wp-content\/uploads\/usu565\/2018\/04\/IMG-20180313-WA0009e-768x576.jpg 768w, https:\/\/agora.xtec.cat\/ceipheroisdelbruc\/wp-content\/uploads\/usu565\/2018\/04\/IMG-20180313-WA0009e-200x150.jpg 200w\" sizes=\"auto, (max-width: 800px) 100vw, 800px\" \/><\/a><\/p>\n<p><a href=\"http:\/\/agora.xtec.cat\/ceipheroisdelbruc\/wp-content\/uploads\/usu565\/2018\/04\/IMG-20180313-WA0007e.jpg\"><img loading=\"lazy\" decoding=\"async\" class=\"alignnone size-full wp-image-10931\" src=\"http:\/\/agora.xtec.cat\/ceipheroisdelbruc\/wp-content\/uploads\/usu565\/2018\/04\/IMG-20180313-WA0007e.jpg\" alt=\"\" width=\"800\" height=\"600\" srcset=\"https:\/\/agora.xtec.cat\/ceipheroisdelbruc\/wp-content\/uploads\/usu565\/2018\/04\/IMG-20180313-WA0007e.jpg 800w, https:\/\/agora.xtec.cat\/ceipheroisdelbruc\/wp-content\/uploads\/usu565\/2018\/04\/IMG-20180313-WA0007e-300x225.jpg 300w, https:\/\/agora.xtec.cat\/ceipheroisdelbruc\/wp-content\/uploads\/usu565\/2018\/04\/IMG-20180313-WA0007e-768x576.jpg 768w, https:\/\/agora.xtec.cat\/ceipheroisdelbruc\/wp-content\/uploads\/usu565\/2018\/04\/IMG-20180313-WA0007e-200x150.jpg 200w\" sizes=\"auto, (max-width: 800px) 100vw, 800px\" \/><\/a><\/p>\n<p>Si voleu veure totes les fotos del museu de la xocolata cliqueu aqu\u00ed: <a href=\"https:\/\/photos.app.goo.gl\/SYaiMhIz27HtgUa42\">MUSEU DE LA XOCOLATA\u00a0<\/a><\/p>\n<p>Us deixem el link del museu per si voleu tornar-hi \ud83d\ude42 http:\/\/www.museuxocolata.cat\/<\/p>\n","protected":false},"excerpt":{"rendered":"<p>El passat 8 de mar\u00e7, els nens i nenes de segon vam anar al Museu de la Xocolata a Barcelona i ens ho vam passar genial. Vam veure el museu de la xocolata on vam aprendre d&#8217;on v\u00e9 el cacao entre altres coses. All\u00e0 tamb\u00e9 vam veure figures gegants de xocolata que semblaven escultures pel [&hellip;]<\/p>\n","protected":false},"author":1,"featured_media":10933,"comment_status":"open","ping_status":"closed","sticky":false,"template":"","format":"standard","meta":{"_bbp_topic_count":0,"_bbp_reply_count":0,"_bbp_total_topic_count":0,"_bbp_total_reply_count":0,"_bbp_voice_count":0,"_bbp_anonymous_reply_count":0,"_bbp_topic_count_hidden":0,"_bbp_reply_count_hidden":0,"_bbp_forum_subforum_count":0,"site-sidebar-layout":"default","site-content-layout":"","ast-site-content-layout":"","site-content-style":"default","site-sidebar-style":"default","ast-global-header-display":"","ast-banner-title-visibility":"","ast-main-header-display":"","ast-hfb-above-header-display":"","ast-hfb-below-header-display":"","ast-hfb-mobile-header-display":"","site-post-title":"","ast-breadcrumbs-content":"","ast-featured-img":"","footer-sml-layout":"","theme-transparent-header-meta":"","adv-header-id-meta":"","stick-header-meta":"","header-above-stick-meta":"","header-main-stick-meta":"","header-below-stick-meta":"","astra-migrate-meta-layouts":"default","ast-page-background-enabled":"default","ast-page-background-meta":{"desktop":{"background-color":"var(--ast-global-color-4)","background-image":"","background-repeat":"repeat","background-position":"center center","background-size":"auto","background-attachment":"scroll","background-type":"","background-media":"","overlay-type":"","overlay-color":"","overlay-opacity":"","overlay-gradient":""},"tablet":{"background-color":"","background-image":"","background-repeat":"repeat","background-position":"center center","background-size":"auto","background-attachment":"scroll","background-type":"","background-media":"","overlay-type":"","overlay-color":"","overlay-opacity":"","overlay-gradient":""},"mobile":{"background-color":"","background-image":"","background-repeat":"repeat","background-position":"center center","background-size":"auto","background-attachment":"scroll","background-type":"","background-media":"","overlay-type":"","overlay-color":"","overlay-opacity":"","overlay-gradient":""}},"ast-content-background-meta":{"desktop":{"background-color":"var(--ast-global-color-5)","background-image":"","background-repeat":"repeat","background-position":"center center","background-size":"auto","background-attachment":"scroll","background-type":"","background-media":"","overlay-type":"","overlay-color":"","overlay-opacity":"","overlay-gradient":""},"tablet":{"background-color":"var(--ast-global-color-5)","background-image":"","background-repeat":"repeat","background-position":"center center","background-size":"auto","background-attachment":"scroll","background-type":"","background-media":"","overlay-type":"","overlay-color":"","overlay-opacity":"","overlay-gradient":""},"mobile":{"background-color":"var(--ast-global-color-5)","background-image":"","background-repeat":"repeat","background-position":"center center","background-size":"auto","background-attachment":"scroll","background-type":"","background-media":"","overlay-type":"","overlay-color":"","overlay-opacity":"","overlay-gradient":""}},"footnotes":""},"categories":[1,103],"tags":[195],"class_list":["post-10852","post","type-post","status-publish","format-standard","has-post-thumbnail","hentry","category-general","category-p-2010","tag-promocio-2010"],"post_mailing_queue_ids":[],"_links":{"self":[{"href":"https:\/\/agora.xtec.cat\/ceipheroisdelbruc\/wp-json\/wp\/v2\/posts\/10852","targetHints":{"allow":["GET"]}}],"collection":[{"href":"https:\/\/agora.xtec.cat\/ceipheroisdelbruc\/wp-json\/wp\/v2\/posts"}],"about":[{"href":"https:\/\/agora.xtec.cat\/ceipheroisdelbruc\/wp-json\/wp\/v2\/types\/post"}],"author":[{"embeddable":true,"href":"https:\/\/agora.xtec.cat\/ceipheroisdelbruc\/wp-json\/wp\/v2\/users\/1"}],"replies":[{"embeddable":true,"href":"https:\/\/agora.xtec.cat\/ceipheroisdelbruc\/wp-json\/wp\/v2\/comments?post=10852"}],"version-history":[{"count":3,"href":"https:\/\/agora.xtec.cat\/ceipheroisdelbruc\/wp-json\/wp\/v2\/posts\/10852\/revisions"}],"predecessor-version":[{"id":10934,"href":"https:\/\/agora.xtec.cat\/ceipheroisdelbruc\/wp-json\/wp\/v2\/posts\/10852\/revisions\/10934"}],"wp:featuredmedia":[{"embeddable":true,"href":"https:\/\/agora.xtec.cat\/ceipheroisdelbruc\/wp-json\/wp\/v2\/media\/10933"}],"wp:attachment":[{"href":"https:\/\/agora.xtec.cat\/ceipheroisdelbruc\/wp-json\/wp\/v2\/media?parent=10852"}],"wp:term":[{"taxonomy":"category","embeddable":true,"href":"https:\/\/agora.xtec.cat\/ceipheroisdelbruc\/wp-json\/wp\/v2\/categories?post=10852"},{"taxonomy":"post_tag","embeddable":true,"href":"https:\/\/agora.xtec.cat\/ceipheroisdelbruc\/wp-json\/wp\/v2\/tags?post=10852"}],"curies":[{"name":"wp","href":"https:\/\/api.w.org\/{rel}","templated":true}]}}