{"id":10181,"date":"2018-01-19T13:54:04","date_gmt":"2018-01-19T12:54:04","guid":{"rendered":"http:\/\/agora.xtec.cat\/ceipheroisdelbruc\/?p=10181"},"modified":"2018-09-11T20:33:17","modified_gmt":"2018-09-11T18:33:17","slug":"families-creatives-sergio-flores","status":"publish","type":"post","link":"https:\/\/agora.xtec.cat\/ceipheroisdelbruc\/p-2008\/families-creatives-sergio-flores\/","title":{"rendered":"FAM\u00cdLIES CREATIVES: Sergio Flores"},"content":{"rendered":"<p>&nbsp;<\/p>\n<p><img loading=\"lazy\" decoding=\"async\" class=\"wp-image-10182 aligncenter\" src=\"http:\/\/agora.xtec.cat\/ceipheroisdelbruc\/wp-content\/uploads\/usu565\/2018\/01\/IMG_5345-1024x768.jpg\" alt=\"\" width=\"497\" height=\"373\" srcset=\"https:\/\/agora.xtec.cat\/ceipheroisdelbruc\/wp-content\/uploads\/usu565\/2018\/01\/IMG_5345-1024x768.jpg 1024w, https:\/\/agora.xtec.cat\/ceipheroisdelbruc\/wp-content\/uploads\/usu565\/2018\/01\/IMG_5345-300x225.jpg 300w, https:\/\/agora.xtec.cat\/ceipheroisdelbruc\/wp-content\/uploads\/usu565\/2018\/01\/IMG_5345-768x576.jpg 768w, https:\/\/agora.xtec.cat\/ceipheroisdelbruc\/wp-content\/uploads\/usu565\/2018\/01\/IMG_5345-200x150.jpg 200w, https:\/\/agora.xtec.cat\/ceipheroisdelbruc\/wp-content\/uploads\/usu565\/2018\/01\/IMG_5345.jpg 1843w\" sizes=\"auto, (max-width: 497px) 100vw, 497px\" \/><\/p>\n<p>Hola fam\u00edlies,<\/p>\n<p>Per fi, hem comen\u00e7at les fam\u00edlies creatives a 4t i per iniciar aquesta activitat, l&#8217;alumne Sergio Flores de 4t A en ha ensenyat amb la seva mare, com fer una girnalda amb papers de colors.<\/p>\n<p>En aquest enlla\u00e7 podreu veure un collage amb totes les fotos de l&#8217;activitat. La veritat es que van quedar for\u00e7a b\u00e9 i vam passar una bona estona fent-les.<a href=\"https:\/\/photos.app.goo.gl\/eMdHjYNKjG95Iajz2\" target=\"_blank\" rel=\"noopener noreferrer\">https:\/\/photos.app.goo.gl\/eMdHjYNKjG95Iajz2<\/a><\/p>\n<p>&nbsp;<\/p>\n","protected":false},"excerpt":{"rendered":"<p>&nbsp; Hola fam\u00edlies, Per fi, hem comen\u00e7at les fam\u00edlies creatives a 4t i per iniciar aquesta activitat, l&#8217;alumne Sergio Flores de 4t A en ha ensenyat amb la seva mare, com fer una girnalda amb papers de colors. En aquest enlla\u00e7 podreu veure un collage amb totes les fotos de l&#8217;activitat. La veritat es que [&hellip;]<\/p>\n","protected":false},"author":1,"featured_media":757,"comment_status":"open","ping_status":"closed","sticky":false,"template":"","format":"standard","meta":{"_bbp_topic_count":0,"_bbp_reply_count":0,"_bbp_total_topic_count":0,"_bbp_total_reply_count":0,"_bbp_voice_count":0,"_bbp_anonymous_reply_count":0,"_bbp_topic_count_hidden":0,"_bbp_reply_count_hidden":0,"_bbp_forum_subforum_count":0,"site-sidebar-layout":"default","site-content-layout":"","ast-site-content-layout":"","site-content-style":"default","site-sidebar-style":"default","ast-global-header-display":"","ast-banner-title-visibility":"","ast-main-header-display":"","ast-hfb-above-header-display":"","ast-hfb-below-header-display":"","ast-hfb-mobile-header-display":"","site-post-title":"","ast-breadcrumbs-content":"","ast-featured-img":"","footer-sml-layout":"","theme-transparent-header-meta":"","adv-header-id-meta":"","stick-header-meta":"","header-above-stick-meta":"","header-main-stick-meta":"","header-below-stick-meta":"","astra-migrate-meta-layouts":"default","ast-page-background-enabled":"default","ast-page-background-meta":{"desktop":{"background-color":"var(--ast-global-color-4)","background-image":"","background-repeat":"repeat","background-position":"center center","background-size":"auto","background-attachment":"scroll","background-type":"","background-media":"","overlay-type":"","overlay-color":"","overlay-opacity":"","overlay-gradient":""},"tablet":{"background-color":"","background-image":"","background-repeat":"repeat","background-position":"center center","background-size":"auto","background-attachment":"scroll","background-type":"","background-media":"","overlay-type":"","overlay-color":"","overlay-opacity":"","overlay-gradient":""},"mobile":{"background-color":"","background-image":"","background-repeat":"repeat","background-position":"center center","background-size":"auto","background-attachment":"scroll","background-type":"","background-media":"","overlay-type":"","overlay-color":"","overlay-opacity":"","overlay-gradient":""}},"ast-content-background-meta":{"desktop":{"background-color":"var(--ast-global-color-5)","background-image":"","background-repeat":"repeat","background-position":"center center","background-size":"auto","background-attachment":"scroll","background-type":"","background-media":"","overlay-type":"","overlay-color":"","overlay-opacity":"","overlay-gradient":""},"tablet":{"background-color":"var(--ast-global-color-5)","background-image":"","background-repeat":"repeat","background-position":"center center","background-size":"auto","background-attachment":"scroll","background-type":"","background-media":"","overlay-type":"","overlay-color":"","overlay-opacity":"","overlay-gradient":""},"mobile":{"background-color":"var(--ast-global-color-5)","background-image":"","background-repeat":"repeat","background-position":"center center","background-size":"auto","background-attachment":"scroll","background-type":"","background-media":"","overlay-type":"","overlay-color":"","overlay-opacity":"","overlay-gradient":""}},"footnotes":""},"categories":[105],"tags":[33,31,197],"class_list":["post-10181","post","type-post","status-publish","format-standard","has-post-thumbnail","hentry","category-p-2008","tag-4t","tag-activitats","tag-families-creatives"],"post_mailing_queue_ids":[],"_links":{"self":[{"href":"https:\/\/agora.xtec.cat\/ceipheroisdelbruc\/wp-json\/wp\/v2\/posts\/10181","targetHints":{"allow":["GET"]}}],"collection":[{"href":"https:\/\/agora.xtec.cat\/ceipheroisdelbruc\/wp-json\/wp\/v2\/posts"}],"about":[{"href":"https:\/\/agora.xtec.cat\/ceipheroisdelbruc\/wp-json\/wp\/v2\/types\/post"}],"author":[{"embeddable":true,"href":"https:\/\/agora.xtec.cat\/ceipheroisdelbruc\/wp-json\/wp\/v2\/users\/1"}],"replies":[{"embeddable":true,"href":"https:\/\/agora.xtec.cat\/ceipheroisdelbruc\/wp-json\/wp\/v2\/comments?post=10181"}],"version-history":[{"count":1,"href":"https:\/\/agora.xtec.cat\/ceipheroisdelbruc\/wp-json\/wp\/v2\/posts\/10181\/revisions"}],"predecessor-version":[{"id":10183,"href":"https:\/\/agora.xtec.cat\/ceipheroisdelbruc\/wp-json\/wp\/v2\/posts\/10181\/revisions\/10183"}],"wp:featuredmedia":[{"embeddable":true,"href":"https:\/\/agora.xtec.cat\/ceipheroisdelbruc\/wp-json\/wp\/v2\/media\/757"}],"wp:attachment":[{"href":"https:\/\/agora.xtec.cat\/ceipheroisdelbruc\/wp-json\/wp\/v2\/media?parent=10181"}],"wp:term":[{"taxonomy":"category","embeddable":true,"href":"https:\/\/agora.xtec.cat\/ceipheroisdelbruc\/wp-json\/wp\/v2\/categories?post=10181"},{"taxonomy":"post_tag","embeddable":true,"href":"https:\/\/agora.xtec.cat\/ceipheroisdelbruc\/wp-json\/wp\/v2\/tags?post=10181"}],"curies":[{"name":"wp","href":"https:\/\/api.w.org\/{rel}","templated":true}]}}