{"id":2366,"date":"2017-11-23T10:00:58","date_gmt":"2017-11-23T09:00:58","guid":{"rendered":"http:\/\/agora.xtec.cat\/ceipgueraudeliost\/?p=2366"},"modified":"2017-11-23T10:04:18","modified_gmt":"2017-11-23T09:04:18","slug":"plantem-faves-i-mes-enciams","status":"publish","type":"post","link":"https:\/\/agora.xtec.cat\/ceipgueraudeliost\/hort\/plantem-faves-i-mes-enciams\/","title":{"rendered":"PLANTEM FAVES I M\u00c9S ENCIAMS"},"content":{"rendered":"<p>Hola de nou a tots i totes!!!<\/p>\n<p>Avui us escrivim per fer-vos saber que no hi ha setmana que el nostre hort \u00a0no deixi de cr\u00e9ixer. Aquesta vegada hem estat els alumnes de sis\u00e8 &#8220;B&#8221; els encarregats d&#8217;introduir una nova planta lleguminosa, com \u00e9s la fava, a l&#8217;hort de l&#8217;escola. A m\u00e9s, tamb\u00e9 hem plantat una renglera m\u00e9s d&#8217;enciams.<\/p>\n<p>Abans, per\u00f2, amb la finalitat de treballar de la millor manera possible hem dedicat for\u00e7a estona a treure les fulles i les males herbes que hem trobat als voltants m\u00e9s pr\u00f2xims i dins de l&#8217;hort, tal com podeu observar a continuaci\u00f3:<\/p>\n<p><a href=\"https:\/\/photos.app.goo.gl\/ka5br0GOGb16XoG92\"><img loading=\"lazy\" decoding=\"async\" class=\"size-medium wp-image-2367 aligncenter\" src=\"http:\/\/agora.xtec.cat\/ceipgueraudeliost\/wp-content\/uploads\/usu1436\/2017\/11\/DSC04260-300x225.jpg\" alt=\"\" width=\"300\" height=\"225\" srcset=\"https:\/\/agora.xtec.cat\/ceipgueraudeliost\/wp-content\/uploads\/usu1436\/2017\/11\/DSC04260-300x225.jpg 300w, https:\/\/agora.xtec.cat\/ceipgueraudeliost\/wp-content\/uploads\/usu1436\/2017\/11\/DSC04260-200x150.jpg 200w, https:\/\/agora.xtec.cat\/ceipgueraudeliost\/wp-content\/uploads\/usu1436\/2017\/11\/DSC04260.jpg 640w\" sizes=\"auto, (max-width: 300px) 100vw, 300px\" \/><\/a><\/p>\n<p>&nbsp;<\/p>\n","protected":false},"excerpt":{"rendered":"<p>Hola de nou a tots i totes!!!<br \/>\nAvui us escrivim per fer-vos saber que no hi ha setmana que el nostre hort \u00a0no deixi de cr\u00e9ixer. Aquesta vegada hem estat els alumnes de sis\u00e8 &#8220;B&#8221; els encarregats d&#8217;introduir una nova planta lleguminosa, com \u00e9s la fava,&hellip;  <a href=\"https:\/\/agora.xtec.cat\/ceipgueraudeliost\/hort\/plantem-faves-i-mes-enciams\/\" title=\"Read PLANTEM FAVES I M\u00c9S ENCIAMS\">Llegeix m\u00e9s\u00bb<\/a><\/p>\n","protected":false},"author":22,"featured_media":998,"comment_status":"open","ping_status":"closed","sticky":false,"template":"","format":"standard","meta":{"_bbp_topic_count":0,"_bbp_reply_count":0,"_bbp_total_topic_count":0,"_bbp_total_reply_count":0,"_bbp_voice_count":0,"_bbp_anonymous_reply_count":0,"_bbp_topic_count_hidden":0,"_bbp_reply_count_hidden":0,"_bbp_forum_subforum_count":0,"footnotes":""},"categories":[81],"tags":[],"class_list":["post-2366","post","type-post","status-publish","format-standard","has-post-thumbnail","hentry","category-hort"],"post_mailing_queue_ids":[],"_links":{"self":[{"href":"https:\/\/agora.xtec.cat\/ceipgueraudeliost\/wp-json\/wp\/v2\/posts\/2366","targetHints":{"allow":["GET"]}}],"collection":[{"href":"https:\/\/agora.xtec.cat\/ceipgueraudeliost\/wp-json\/wp\/v2\/posts"}],"about":[{"href":"https:\/\/agora.xtec.cat\/ceipgueraudeliost\/wp-json\/wp\/v2\/types\/post"}],"author":[{"embeddable":true,"href":"https:\/\/agora.xtec.cat\/ceipgueraudeliost\/wp-json\/wp\/v2\/users\/22"}],"replies":[{"embeddable":true,"href":"https:\/\/agora.xtec.cat\/ceipgueraudeliost\/wp-json\/wp\/v2\/comments?post=2366"}],"version-history":[{"count":2,"href":"https:\/\/agora.xtec.cat\/ceipgueraudeliost\/wp-json\/wp\/v2\/posts\/2366\/revisions"}],"predecessor-version":[{"id":2390,"href":"https:\/\/agora.xtec.cat\/ceipgueraudeliost\/wp-json\/wp\/v2\/posts\/2366\/revisions\/2390"}],"wp:featuredmedia":[{"embeddable":true,"href":"https:\/\/agora.xtec.cat\/ceipgueraudeliost\/wp-json\/wp\/v2\/media\/998"}],"wp:attachment":[{"href":"https:\/\/agora.xtec.cat\/ceipgueraudeliost\/wp-json\/wp\/v2\/media?parent=2366"}],"wp:term":[{"taxonomy":"category","embeddable":true,"href":"https:\/\/agora.xtec.cat\/ceipgueraudeliost\/wp-json\/wp\/v2\/categories?post=2366"},{"taxonomy":"post_tag","embeddable":true,"href":"https:\/\/agora.xtec.cat\/ceipgueraudeliost\/wp-json\/wp\/v2\/tags?post=2366"}],"curies":[{"name":"wp","href":"https:\/\/api.w.org\/{rel}","templated":true}]}}