{"id":14652,"date":"2022-10-07T16:25:54","date_gmt":"2022-10-07T14:25:54","guid":{"rendered":"https:\/\/agora.xtec.cat\/ceipgueraudeliost\/?p=14652"},"modified":"2022-10-07T16:25:54","modified_gmt":"2022-10-07T14:25:54","slug":"delegades-i-delegats-de-cinque","status":"publish","type":"post","link":"https:\/\/agora.xtec.cat\/ceipgueraudeliost\/bloc-grans\/6-curs-23-24\/delegades-i-delegats-de-cinque\/","title":{"rendered":"DELEGADES I DELEGATS DE CINQU\u00c8"},"content":{"rendered":"<p>Aquesta setmana els i les alumnes de cinqu\u00e8 hem triat els delegats i delegades del primer trimestre. Primer hem escoltat el discurs que pr\u00e8viament s&#8217;havien preparat a casa. A continuaci\u00f3, democr\u00e0ticament hem votat al delegat i la delegada de cada classe. Despr\u00e9s d&#8217;haver fet les votacions, els nostres representants s\u00f3n:<\/p>\n<p style=\"text-align: center\"><strong>5\u00e8A<\/strong><\/p>\n<p style=\"text-align: center\"><strong>X\u00e8nia Guiseris i Omar Chaudhary<\/strong><\/p>\n<p><img loading=\"lazy\" decoding=\"async\" class=\"aligncenter size-full wp-image-14684\" src=\"https:\/\/agora.xtec.cat\/ceipgueraudeliost\/wp-content\/uploads\/usu1436\/2022\/10\/WhatsApp-Image-2022-10-07-at-16.24.40.jpeg\" alt=\"\" width=\"1024\" height=\"768\" srcset=\"https:\/\/agora.xtec.cat\/ceipgueraudeliost\/wp-content\/uploads\/usu1436\/2022\/10\/WhatsApp-Image-2022-10-07-at-16.24.40.jpeg 1024w, https:\/\/agora.xtec.cat\/ceipgueraudeliost\/wp-content\/uploads\/usu1436\/2022\/10\/WhatsApp-Image-2022-10-07-at-16.24.40-300x225.jpeg 300w, https:\/\/agora.xtec.cat\/ceipgueraudeliost\/wp-content\/uploads\/usu1436\/2022\/10\/WhatsApp-Image-2022-10-07-at-16.24.40-768x576.jpeg 768w, https:\/\/agora.xtec.cat\/ceipgueraudeliost\/wp-content\/uploads\/usu1436\/2022\/10\/WhatsApp-Image-2022-10-07-at-16.24.40-200x150.jpeg 200w\" sizes=\"auto, (max-width: 1024px) 100vw, 1024px\" \/><\/p>\n<p style=\"text-align: center\"><strong>5\u00e8B<\/strong><\/p>\n<p style=\"text-align: center\"><strong>Cl\u00e0udia S\u00e1nchez i Manel Arriero<\/strong><\/p>\n<p><img loading=\"lazy\" decoding=\"async\" class=\"aligncenter size-full wp-image-14654\" src=\"https:\/\/agora.xtec.cat\/ceipgueraudeliost\/wp-content\/uploads\/usu1436\/2022\/10\/45200.jpg\" alt=\"\" width=\"750\" height=\"466\" srcset=\"https:\/\/agora.xtec.cat\/ceipgueraudeliost\/wp-content\/uploads\/usu1436\/2022\/10\/45200.jpg 750w, https:\/\/agora.xtec.cat\/ceipgueraudeliost\/wp-content\/uploads\/usu1436\/2022\/10\/45200-300x186.jpg 300w\" sizes=\"auto, (max-width: 750px) 100vw, 750px\" \/><\/p>\n","protected":false},"excerpt":{"rendered":"<p>Aquesta setmana els i les alumnes de cinqu\u00e8 hem triat els delegats i delegades del primer trimestre. Primer hem escoltat el discurs que pr\u00e8viament s&#8217;havien preparat a casa. A continuaci\u00f3, democr\u00e0ticament hem votat al delegat i la delegada de cada classe. Despr\u00e9s d&#8217;haver fet les&hellip;  <a href=\"https:\/\/agora.xtec.cat\/ceipgueraudeliost\/bloc-grans\/6-curs-23-24\/delegades-i-delegats-de-cinque\/\" title=\"Read DELEGADES I DELEGATS DE CINQU\u00c8\">Llegeix m\u00e9s\u00bb<\/a><\/p>\n","protected":false},"author":37,"featured_media":0,"comment_status":"open","ping_status":"closed","sticky":false,"template":"","format":"standard","meta":{"_bbp_topic_count":0,"_bbp_reply_count":0,"_bbp_total_topic_count":0,"_bbp_total_reply_count":0,"_bbp_voice_count":0,"_bbp_anonymous_reply_count":0,"_bbp_topic_count_hidden":0,"_bbp_reply_count_hidden":0,"_bbp_forum_subforum_count":0,"footnotes":""},"categories":[8],"tags":[],"class_list":["post-14652","post","type-post","status-publish","format-standard","hentry","category-6-curs-23-24"],"post_mailing_queue_ids":[],"_links":{"self":[{"href":"https:\/\/agora.xtec.cat\/ceipgueraudeliost\/wp-json\/wp\/v2\/posts\/14652","targetHints":{"allow":["GET"]}}],"collection":[{"href":"https:\/\/agora.xtec.cat\/ceipgueraudeliost\/wp-json\/wp\/v2\/posts"}],"about":[{"href":"https:\/\/agora.xtec.cat\/ceipgueraudeliost\/wp-json\/wp\/v2\/types\/post"}],"author":[{"embeddable":true,"href":"https:\/\/agora.xtec.cat\/ceipgueraudeliost\/wp-json\/wp\/v2\/users\/37"}],"replies":[{"embeddable":true,"href":"https:\/\/agora.xtec.cat\/ceipgueraudeliost\/wp-json\/wp\/v2\/comments?post=14652"}],"version-history":[{"count":3,"href":"https:\/\/agora.xtec.cat\/ceipgueraudeliost\/wp-json\/wp\/v2\/posts\/14652\/revisions"}],"predecessor-version":[{"id":14686,"href":"https:\/\/agora.xtec.cat\/ceipgueraudeliost\/wp-json\/wp\/v2\/posts\/14652\/revisions\/14686"}],"wp:attachment":[{"href":"https:\/\/agora.xtec.cat\/ceipgueraudeliost\/wp-json\/wp\/v2\/media?parent=14652"}],"wp:term":[{"taxonomy":"category","embeddable":true,"href":"https:\/\/agora.xtec.cat\/ceipgueraudeliost\/wp-json\/wp\/v2\/categories?post=14652"},{"taxonomy":"post_tag","embeddable":true,"href":"https:\/\/agora.xtec.cat\/ceipgueraudeliost\/wp-json\/wp\/v2\/tags?post=14652"}],"curies":[{"name":"wp","href":"https:\/\/api.w.org\/{rel}","templated":true}]}}