{"id":13116,"date":"2022-01-28T17:30:02","date_gmt":"2022-01-28T16:30:02","guid":{"rendered":"https:\/\/agora.xtec.cat\/ceipgueraudeliost\/?p=13116"},"modified":"2022-02-04T12:53:34","modified_gmt":"2022-02-04T11:53:34","slug":"dia-de-la-pau-i-no-violencia","status":"publish","type":"post","link":"https:\/\/agora.xtec.cat\/ceipgueraudeliost\/bloc-grans\/6e-curs-24-25\/dia-de-la-pau-i-no-violencia\/","title":{"rendered":"DIA DE LA PAU I NO VIOL\u00c8NCIA"},"content":{"rendered":"<p>El divendres 28 de gener vam celebrar el Dia Escolar de la Pau i la No Viol\u00e8ncia. A l&#8217;escola, hem dedicat una franja hor\u00e0ria a parlar d&#8217;aquests temes i sensibilitzar als i les alumnes sobre la realitat que ens envolta. Totes les classes hem dibuixat les nostres mans i hem escrit un missatge relacionat amb aquest dia. Tamb\u00e9 hem penjat unes paraules que hem escollit entre tots i totes a les finestres de l&#8217;escola.<\/p>\n<p><a href=\"https:\/\/agora.xtec.cat\/ceipgueraudeliost\/wp-content\/uploads\/usu1436\/2022\/01\/IMG-20220131-WA0005.jpg\"><img loading=\"lazy\" decoding=\"async\" class=\"alignnone wp-image-13158\" src=\"https:\/\/agora.xtec.cat\/ceipgueraudeliost\/wp-content\/uploads\/usu1436\/2022\/01\/IMG-20220131-WA0005.jpg\" alt=\"\" width=\"373\" height=\"498\" srcset=\"https:\/\/agora.xtec.cat\/ceipgueraudeliost\/wp-content\/uploads\/usu1436\/2022\/01\/IMG-20220131-WA0005.jpg 768w, https:\/\/agora.xtec.cat\/ceipgueraudeliost\/wp-content\/uploads\/usu1436\/2022\/01\/IMG-20220131-WA0005-225x300.jpg 225w\" sizes=\"auto, (max-width: 373px) 100vw, 373px\" \/><\/a><a href=\"https:\/\/agora.xtec.cat\/ceipgueraudeliost\/wp-content\/uploads\/usu1436\/2022\/01\/IMG-20220131-WA0009.jpg\"><img loading=\"lazy\" decoding=\"async\" class=\"wp-image-13159 alignright\" src=\"https:\/\/agora.xtec.cat\/ceipgueraudeliost\/wp-content\/uploads\/usu1436\/2022\/01\/IMG-20220131-WA0009-1024x768.jpg\" alt=\"\" width=\"592\" height=\"443\" srcset=\"https:\/\/agora.xtec.cat\/ceipgueraudeliost\/wp-content\/uploads\/usu1436\/2022\/01\/IMG-20220131-WA0009-1024x768.jpg 1024w, https:\/\/agora.xtec.cat\/ceipgueraudeliost\/wp-content\/uploads\/usu1436\/2022\/01\/IMG-20220131-WA0009-300x225.jpg 300w, https:\/\/agora.xtec.cat\/ceipgueraudeliost\/wp-content\/uploads\/usu1436\/2022\/01\/IMG-20220131-WA0009-768x576.jpg 768w, https:\/\/agora.xtec.cat\/ceipgueraudeliost\/wp-content\/uploads\/usu1436\/2022\/01\/IMG-20220131-WA0009-1536x1152.jpg 1536w, https:\/\/agora.xtec.cat\/ceipgueraudeliost\/wp-content\/uploads\/usu1436\/2022\/01\/IMG-20220131-WA0009-200x150.jpg 200w, https:\/\/agora.xtec.cat\/ceipgueraudeliost\/wp-content\/uploads\/usu1436\/2022\/01\/IMG-20220131-WA0009.jpg 2048w\" sizes=\"auto, (max-width: 592px) 100vw, 592px\" \/><\/a><\/p>\n","protected":false},"excerpt":{"rendered":"<p>El divendres 28 de gener vam celebrar el Dia Escolar de la Pau i la No Viol\u00e8ncia. A l&#8217;escola, hem dedicat una franja hor\u00e0ria a parlar d&#8217;aquests temes i sensibilitzar als i les alumnes sobre la realitat que ens envolta. Totes les classes hem dibuixat&hellip;  <a href=\"https:\/\/agora.xtec.cat\/ceipgueraudeliost\/bloc-grans\/6e-curs-24-25\/dia-de-la-pau-i-no-violencia\/\" title=\"Read DIA DE LA PAU I NO VIOL\u00c8NCIA\">Llegeix m\u00e9s\u00bb<\/a><\/p>\n","protected":false},"author":35,"featured_media":0,"comment_status":"open","ping_status":"closed","sticky":false,"template":"","format":"standard","meta":{"_bbp_topic_count":0,"_bbp_reply_count":0,"_bbp_total_topic_count":0,"_bbp_total_reply_count":0,"_bbp_voice_count":0,"_bbp_anonymous_reply_count":0,"_bbp_topic_count_hidden":0,"_bbp_reply_count_hidden":0,"_bbp_forum_subforum_count":0,"footnotes":""},"categories":[169,150,3,60],"tags":[],"class_list":["post-13116","post","type-post","status-publish","format-standard","hentry","category-169","category-150","category-6e-curs-24-25","category-bloc-mitjans"],"post_mailing_queue_ids":[],"_links":{"self":[{"href":"https:\/\/agora.xtec.cat\/ceipgueraudeliost\/wp-json\/wp\/v2\/posts\/13116","targetHints":{"allow":["GET"]}}],"collection":[{"href":"https:\/\/agora.xtec.cat\/ceipgueraudeliost\/wp-json\/wp\/v2\/posts"}],"about":[{"href":"https:\/\/agora.xtec.cat\/ceipgueraudeliost\/wp-json\/wp\/v2\/types\/post"}],"author":[{"embeddable":true,"href":"https:\/\/agora.xtec.cat\/ceipgueraudeliost\/wp-json\/wp\/v2\/users\/35"}],"replies":[{"embeddable":true,"href":"https:\/\/agora.xtec.cat\/ceipgueraudeliost\/wp-json\/wp\/v2\/comments?post=13116"}],"version-history":[{"count":3,"href":"https:\/\/agora.xtec.cat\/ceipgueraudeliost\/wp-json\/wp\/v2\/posts\/13116\/revisions"}],"predecessor-version":[{"id":13192,"href":"https:\/\/agora.xtec.cat\/ceipgueraudeliost\/wp-json\/wp\/v2\/posts\/13116\/revisions\/13192"}],"wp:attachment":[{"href":"https:\/\/agora.xtec.cat\/ceipgueraudeliost\/wp-json\/wp\/v2\/media?parent=13116"}],"wp:term":[{"taxonomy":"category","embeddable":true,"href":"https:\/\/agora.xtec.cat\/ceipgueraudeliost\/wp-json\/wp\/v2\/categories?post=13116"},{"taxonomy":"post_tag","embeddable":true,"href":"https:\/\/agora.xtec.cat\/ceipgueraudeliost\/wp-json\/wp\/v2\/tags?post=13116"}],"curies":[{"name":"wp","href":"https:\/\/api.w.org\/{rel}","templated":true}]}}