{"id":998,"date":"2019-06-07T08:47:02","date_gmt":"2019-06-07T06:47:02","guid":{"rendered":"http:\/\/agora.xtec.cat\/ceipgranullarius\/?p=998"},"modified":"2019-06-07T08:47:02","modified_gmt":"2019-06-07T06:47:02","slug":"estas-pantallat-6e","status":"publish","type":"post","link":"https:\/\/agora.xtec.cat\/ceipgranullarius\/portada\/estas-pantallat-6e\/","title":{"rendered":"EST\u00c0S PANTALLAT? 6\u00e8"},"content":{"rendered":"<p>El dilluns 28 de maig l&#8217;alumnat de sis\u00e8 va poder gaudir de l&#8217;activitat &#8220;Est\u00e0s pantallat&#8221; a c\u00e0rrec d&#8217;EdPAC. A partir d&#8217;una activitat que combinava el teatre i el debat vam tractar el tema de l&#8217;ab\u00fas de les pantalles (e-xarxes, xats, televisi\u00f3, consoles i m\u00f2bils). Una experi\u00e8ncia d&#8217;all\u00f2 m\u00e9s interessant i enriquidora!<\/p>\n<p><a href=\"https:\/\/photos.app.goo.gl\/cNnJx4QWYYUXfBK77\">\u00c0lbum de fotos.<\/a><\/p>\n","protected":false},"excerpt":{"rendered":"<p>El dilluns 28 de maig l&#8217;alumnat de sis\u00e8 va poder gaudir de l&#8217;activitat &#8220;Est\u00e0s pantallat&#8221; a c\u00e0rrec d&#8217;EdPAC. A partir d&#8217;una activitat que combinava el teatre i el debat vam tractar el tema de l&#8217;ab\u00fas de les pantalles (e-xarxes, xats, televisi\u00f3, consoles i m\u00f2bils). Una&hellip;  <a href=\"https:\/\/agora.xtec.cat\/ceipgranullarius\/portada\/estas-pantallat-6e\/\" title=\"Read EST\u00c0S PANTALLAT? 6\u00e8\">Llegeix m\u00e9s\u00bb<\/a><\/p>\n","protected":false},"author":1,"featured_media":0,"comment_status":"closed","ping_status":"closed","sticky":false,"template":"","format":"standard","meta":{"_bbp_topic_count":0,"_bbp_reply_count":0,"_bbp_total_topic_count":0,"_bbp_total_reply_count":0,"_bbp_voice_count":0,"_bbp_anonymous_reply_count":0,"_bbp_topic_count_hidden":0,"_bbp_reply_count_hidden":0,"_bbp_forum_subforum_count":0,"footnotes":""},"categories":[15,4],"tags":[],"class_list":["post-998","post","type-post","status-publish","format-standard","hentry","category-6e","category-portada"],"post_mailing_queue_ids":[],"_links":{"self":[{"href":"https:\/\/agora.xtec.cat\/ceipgranullarius\/wp-json\/wp\/v2\/posts\/998","targetHints":{"allow":["GET"]}}],"collection":[{"href":"https:\/\/agora.xtec.cat\/ceipgranullarius\/wp-json\/wp\/v2\/posts"}],"about":[{"href":"https:\/\/agora.xtec.cat\/ceipgranullarius\/wp-json\/wp\/v2\/types\/post"}],"author":[{"embeddable":true,"href":"https:\/\/agora.xtec.cat\/ceipgranullarius\/wp-json\/wp\/v2\/users\/1"}],"replies":[{"embeddable":true,"href":"https:\/\/agora.xtec.cat\/ceipgranullarius\/wp-json\/wp\/v2\/comments?post=998"}],"version-history":[{"count":1,"href":"https:\/\/agora.xtec.cat\/ceipgranullarius\/wp-json\/wp\/v2\/posts\/998\/revisions"}],"predecessor-version":[{"id":999,"href":"https:\/\/agora.xtec.cat\/ceipgranullarius\/wp-json\/wp\/v2\/posts\/998\/revisions\/999"}],"wp:attachment":[{"href":"https:\/\/agora.xtec.cat\/ceipgranullarius\/wp-json\/wp\/v2\/media?parent=998"}],"wp:term":[{"taxonomy":"category","embeddable":true,"href":"https:\/\/agora.xtec.cat\/ceipgranullarius\/wp-json\/wp\/v2\/categories?post=998"},{"taxonomy":"post_tag","embeddable":true,"href":"https:\/\/agora.xtec.cat\/ceipgranullarius\/wp-json\/wp\/v2\/tags?post=998"}],"curies":[{"name":"wp","href":"https:\/\/api.w.org\/{rel}","templated":true}]}}