{"id":985,"date":"2019-06-04T08:55:41","date_gmt":"2019-06-04T06:55:41","guid":{"rendered":"http:\/\/agora.xtec.cat\/ceipgranullarius\/?p=985"},"modified":"2019-06-04T08:55:41","modified_gmt":"2019-06-04T06:55:41","slug":"lillustrador-a-lescola-2n","status":"publish","type":"post","link":"https:\/\/agora.xtec.cat\/ceipgranullarius\/general\/lillustrador-a-lescola-2n\/","title":{"rendered":"L&#8217;il\u00b7lustrador a l\u2019escola 2n"},"content":{"rendered":"<p>El divendres 10 de maig va venir a l&#8217;escola un il\u00b7lustrador, l&#8217;\u00d2scar Sard\u00e0, que ha fet els dibuixos de la col\u00b7lecci\u00f3 &#8220;El follet Oriol&#8221;.<\/p>\n<p>L\u2019\u00d2scar va fer mols dibuixos i ens va regalar tres l\u00e0mines que les tenim penjades al passad\u00eds de 2n.<\/p>\n<p>Hem gaudit molt d&#8217;aquesta experi\u00e8ncia!!<\/p>\n<p><a href=\"https:\/\/photos.app.goo.gl\/86En19vP4ebXbNsy5\">\u00c0lbum de fotos.<\/a><\/p>\n","protected":false},"excerpt":{"rendered":"<p>El divendres 10 de maig va venir a l&#8217;escola un il\u00b7lustrador, l&#8217;\u00d2scar Sard\u00e0, que ha fet els dibuixos de la col\u00b7lecci\u00f3 &#8220;El follet Oriol&#8221;.<br \/>\nL\u2019\u00d2scar va fer mols dibuixos i ens va regalar tres l\u00e0mines que les tenim penjades al passad\u00eds de 2n.<br \/>\nHem gaudit molt d&#8217;aquesta&hellip;  <a href=\"https:\/\/agora.xtec.cat\/ceipgranullarius\/general\/lillustrador-a-lescola-2n\/\" title=\"Read L&#8217;il\u00b7lustrador a l\u2019escola 2n\">Llegeix m\u00e9s\u00bb<\/a><\/p>\n","protected":false},"author":1,"featured_media":0,"comment_status":"closed","ping_status":"closed","sticky":false,"template":"","format":"standard","meta":{"_bbp_topic_count":0,"_bbp_reply_count":0,"_bbp_total_topic_count":0,"_bbp_total_reply_count":0,"_bbp_voice_count":0,"_bbp_anonymous_reply_count":0,"_bbp_topic_count_hidden":0,"_bbp_reply_count_hidden":0,"_bbp_forum_subforum_count":0,"footnotes":""},"categories":[11,1,4],"tags":[],"class_list":["post-985","post","type-post","status-publish","format-standard","hentry","category-2n","category-general","category-portada"],"post_mailing_queue_ids":[],"_links":{"self":[{"href":"https:\/\/agora.xtec.cat\/ceipgranullarius\/wp-json\/wp\/v2\/posts\/985","targetHints":{"allow":["GET"]}}],"collection":[{"href":"https:\/\/agora.xtec.cat\/ceipgranullarius\/wp-json\/wp\/v2\/posts"}],"about":[{"href":"https:\/\/agora.xtec.cat\/ceipgranullarius\/wp-json\/wp\/v2\/types\/post"}],"author":[{"embeddable":true,"href":"https:\/\/agora.xtec.cat\/ceipgranullarius\/wp-json\/wp\/v2\/users\/1"}],"replies":[{"embeddable":true,"href":"https:\/\/agora.xtec.cat\/ceipgranullarius\/wp-json\/wp\/v2\/comments?post=985"}],"version-history":[{"count":2,"href":"https:\/\/agora.xtec.cat\/ceipgranullarius\/wp-json\/wp\/v2\/posts\/985\/revisions"}],"predecessor-version":[{"id":987,"href":"https:\/\/agora.xtec.cat\/ceipgranullarius\/wp-json\/wp\/v2\/posts\/985\/revisions\/987"}],"wp:attachment":[{"href":"https:\/\/agora.xtec.cat\/ceipgranullarius\/wp-json\/wp\/v2\/media?parent=985"}],"wp:term":[{"taxonomy":"category","embeddable":true,"href":"https:\/\/agora.xtec.cat\/ceipgranullarius\/wp-json\/wp\/v2\/categories?post=985"},{"taxonomy":"post_tag","embeddable":true,"href":"https:\/\/agora.xtec.cat\/ceipgranullarius\/wp-json\/wp\/v2\/tags?post=985"}],"curies":[{"name":"wp","href":"https:\/\/api.w.org\/{rel}","templated":true}]}}