{"id":979,"date":"2019-05-22T11:33:10","date_gmt":"2019-05-22T09:33:10","guid":{"rendered":"http:\/\/agora.xtec.cat\/ceipgranullarius\/?p=979"},"modified":"2019-05-22T11:33:10","modified_gmt":"2019-05-22T09:33:10","slug":"visita-observatori-astronomic-de-sabadell-3r","status":"publish","type":"post","link":"https:\/\/agora.xtec.cat\/ceipgranullarius\/portada\/visita-observatori-astronomic-de-sabadell-3r\/","title":{"rendered":"Visita Observatori astron\u00f2mic de Sabadell 3r"},"content":{"rendered":"<p>El passat dimarts 14 de Maig vam anar a visitar l&#8217;Observatori de Sabadell. All\u00e0 ens van explicar com \u00e9s i com es va formar el Sistema Solar i les seves caracter\u00edstiques. Posteriorment vam poder mirar amb un telescopi com es veu el Sol de m\u00e9s a prop.<\/p>\n<p><a href=\"https:\/\/photos.app.goo.gl\/5NS4XqwMSbCYmyQe7\">\u00c0lbum de fotos.<\/a><\/p>\n","protected":false},"excerpt":{"rendered":"<p>El passat dimarts 14 de Maig vam anar a visitar l&#8217;Observatori de Sabadell. All\u00e0 ens van explicar com \u00e9s i com es va formar el Sistema Solar i les seves caracter\u00edstiques. Posteriorment vam poder mirar amb un telescopi com es veu el Sol de m\u00e9s&hellip;  <a href=\"https:\/\/agora.xtec.cat\/ceipgranullarius\/portada\/visita-observatori-astronomic-de-sabadell-3r\/\" title=\"Read Visita Observatori astron\u00f2mic de Sabadell 3r\">Llegeix m\u00e9s\u00bb<\/a><\/p>\n","protected":false},"author":1,"featured_media":0,"comment_status":"closed","ping_status":"closed","sticky":false,"template":"","format":"standard","meta":{"_bbp_topic_count":0,"_bbp_reply_count":0,"_bbp_total_topic_count":0,"_bbp_total_reply_count":0,"_bbp_voice_count":0,"_bbp_anonymous_reply_count":0,"_bbp_topic_count_hidden":0,"_bbp_reply_count_hidden":0,"_bbp_forum_subforum_count":0,"footnotes":""},"categories":[12,4],"tags":[],"class_list":["post-979","post","type-post","status-publish","format-standard","hentry","category-3r","category-portada"],"post_mailing_queue_ids":[],"_links":{"self":[{"href":"https:\/\/agora.xtec.cat\/ceipgranullarius\/wp-json\/wp\/v2\/posts\/979","targetHints":{"allow":["GET"]}}],"collection":[{"href":"https:\/\/agora.xtec.cat\/ceipgranullarius\/wp-json\/wp\/v2\/posts"}],"about":[{"href":"https:\/\/agora.xtec.cat\/ceipgranullarius\/wp-json\/wp\/v2\/types\/post"}],"author":[{"embeddable":true,"href":"https:\/\/agora.xtec.cat\/ceipgranullarius\/wp-json\/wp\/v2\/users\/1"}],"replies":[{"embeddable":true,"href":"https:\/\/agora.xtec.cat\/ceipgranullarius\/wp-json\/wp\/v2\/comments?post=979"}],"version-history":[{"count":2,"href":"https:\/\/agora.xtec.cat\/ceipgranullarius\/wp-json\/wp\/v2\/posts\/979\/revisions"}],"predecessor-version":[{"id":981,"href":"https:\/\/agora.xtec.cat\/ceipgranullarius\/wp-json\/wp\/v2\/posts\/979\/revisions\/981"}],"wp:attachment":[{"href":"https:\/\/agora.xtec.cat\/ceipgranullarius\/wp-json\/wp\/v2\/media?parent=979"}],"wp:term":[{"taxonomy":"category","embeddable":true,"href":"https:\/\/agora.xtec.cat\/ceipgranullarius\/wp-json\/wp\/v2\/categories?post=979"},{"taxonomy":"post_tag","embeddable":true,"href":"https:\/\/agora.xtec.cat\/ceipgranullarius\/wp-json\/wp\/v2\/tags?post=979"}],"curies":[{"name":"wp","href":"https:\/\/api.w.org\/{rel}","templated":true}]}}