{"id":967,"date":"2019-06-04T12:37:43","date_gmt":"2019-06-04T10:37:43","guid":{"rendered":"http:\/\/agora.xtec.cat\/ceipgranullarius\/?p=967"},"modified":"2019-06-04T15:00:39","modified_gmt":"2019-06-04T13:00:39","slug":"projecte-entorn-radio","status":"publish","type":"post","link":"https:\/\/agora.xtec.cat\/ceipgranullarius\/general\/projecte-entorn-radio\/","title":{"rendered":"Projecte Entorn R\u00e0dio"},"content":{"rendered":"<p>El dimecres 15 de maig de 2019 un grup d&#8217;alumnes de 5\u00e8, en representaci\u00f3 de tots els seus companys, van anar als estudis de R\u00e0dio Granollers a gravar el programa que havien elaborat a l&#8217;aula.<\/p>\n<p>Aquest any ens van acompanyar tamb\u00e9 unes alumnes d&#8217;institut de l&#8217;Escola Estel de Granollers que van filmar la nostra participaci\u00f3 en el programa i van entrevistar a 2 dels nostres alumnes com a part d&#8217;un projecte propi que tamb\u00e9 impulsa el Pla d&#8217;Entorn de l&#8217;Ajuntament de Granollers.<\/p>\n<p>El dissabte 18 de maig el programa ser\u00e0 em\u00e9s per R\u00e0dio Granollers als 107.6 MHz de la FM de 9:30 a 10:00 hores.<\/p>\n<p><a href=\"http:\/\/www.gasl.cat\/GASL\/DetallPrograma\/_7hnsAmuDYQbE4WxWECxuaQ54HPEBDxzNvhVrEqMZBzg\">Audici\u00f3 programa gravat a R\u00e0dio Granollers.<\/a><\/p>\n<p><a href=\"https:\/\/photos.app.goo.gl\/a29PbEmdpXtznYiT7\">\u00c0lbum de fotos.<\/a><\/p>\n","protected":false},"excerpt":{"rendered":"<p>El dimecres 15 de maig de 2019 un grup d&#8217;alumnes de 5\u00e8, en representaci\u00f3 de tots els seus companys, van anar als estudis de R\u00e0dio Granollers a gravar el programa que havien elaborat a l&#8217;aula.<br \/>\nAquest any ens van acompanyar tamb\u00e9 unes alumnes d&#8217;institut de l&#8217;Escola&hellip;  <a href=\"https:\/\/agora.xtec.cat\/ceipgranullarius\/general\/projecte-entorn-radio\/\" title=\"Read Projecte Entorn R\u00e0dio\">Llegeix m\u00e9s\u00bb<\/a><\/p>\n","protected":false},"author":1,"featured_media":0,"comment_status":"closed","ping_status":"closed","sticky":false,"template":"","format":"standard","meta":{"_bbp_topic_count":0,"_bbp_reply_count":0,"_bbp_total_topic_count":0,"_bbp_total_reply_count":0,"_bbp_voice_count":0,"_bbp_anonymous_reply_count":0,"_bbp_topic_count_hidden":0,"_bbp_reply_count_hidden":0,"_bbp_forum_subforum_count":0,"footnotes":""},"categories":[14,1,4],"tags":[],"class_list":["post-967","post","type-post","status-publish","format-standard","hentry","category-5e","category-general","category-portada"],"post_mailing_queue_ids":[],"_links":{"self":[{"href":"https:\/\/agora.xtec.cat\/ceipgranullarius\/wp-json\/wp\/v2\/posts\/967","targetHints":{"allow":["GET"]}}],"collection":[{"href":"https:\/\/agora.xtec.cat\/ceipgranullarius\/wp-json\/wp\/v2\/posts"}],"about":[{"href":"https:\/\/agora.xtec.cat\/ceipgranullarius\/wp-json\/wp\/v2\/types\/post"}],"author":[{"embeddable":true,"href":"https:\/\/agora.xtec.cat\/ceipgranullarius\/wp-json\/wp\/v2\/users\/1"}],"replies":[{"embeddable":true,"href":"https:\/\/agora.xtec.cat\/ceipgranullarius\/wp-json\/wp\/v2\/comments?post=967"}],"version-history":[{"count":3,"href":"https:\/\/agora.xtec.cat\/ceipgranullarius\/wp-json\/wp\/v2\/posts\/967\/revisions"}],"predecessor-version":[{"id":992,"href":"https:\/\/agora.xtec.cat\/ceipgranullarius\/wp-json\/wp\/v2\/posts\/967\/revisions\/992"}],"wp:attachment":[{"href":"https:\/\/agora.xtec.cat\/ceipgranullarius\/wp-json\/wp\/v2\/media?parent=967"}],"wp:term":[{"taxonomy":"category","embeddable":true,"href":"https:\/\/agora.xtec.cat\/ceipgranullarius\/wp-json\/wp\/v2\/categories?post=967"},{"taxonomy":"post_tag","embeddable":true,"href":"https:\/\/agora.xtec.cat\/ceipgranullarius\/wp-json\/wp\/v2\/tags?post=967"}],"curies":[{"name":"wp","href":"https:\/\/api.w.org\/{rel}","templated":true}]}}