{"id":928,"date":"2019-04-12T15:10:29","date_gmt":"2019-04-12T13:10:29","guid":{"rendered":"http:\/\/agora.xtec.cat\/ceipgranullarius\/?p=928"},"modified":"2019-04-12T15:10:29","modified_gmt":"2019-04-12T13:10:29","slug":"jornades-esportives-de-6e-de-primaria","status":"publish","type":"post","link":"https:\/\/agora.xtec.cat\/ceipgranullarius\/general\/jornades-esportives-de-6e-de-primaria\/","title":{"rendered":"JORNADES ESPORTIVES \u00a0DE 6\u00e8 DE\u00a0 PRIM\u00c0RIA"},"content":{"rendered":"<p><strong>El dia 5 d\u2019abril<\/strong> els alumnes de 6\u00e8 de Prim\u00e0ria varen \u00a0participar en les JORNADES \u00a0ESPORTIVES \u00a0DE PRIM\u00c0RIA que organitza l\u2019A.E. Vallbona , juntament amb el Consell Esportiu Comarcal.\u00a0 Els nois i noies de 6\u00e8 varen \u00a0fer partits de voleibol, handbol, futbol-pitxi, korfbol i\u00a0 futbol\u00a0 amb d\u2019altres escoles de la nostra ciutat i de poblacions de la comarca.<\/p>\n<p>Els objectius d\u2019aquestes jornades s\u00f3n:<\/p>\n<ul>\n<li>Potenciar les activitats f\u00edsiques a la comarca del Vall\u00e8s Oriental i dins de l\u2019\u00e0mbit educatiu.<\/li>\n<li>Incentivar les activitats esportives afavorint la coeducaci\u00f3 i la igualtat entre els nois i noies en l\u2019esport.<\/li>\n<li>Dinamitzar la relaci\u00f3 i integraci\u00f3 entre els centres a trav\u00e9s d\u2019activitats esportives l\u00fadiques.<\/li>\n<li>Potenciar els valors que tota forma de conviv\u00e8ncia i d\u2019intercanvi d\u2019experi\u00e8ncies porta impl\u00edcita.<\/li>\n<\/ul>\n<p><a href=\"https:\/\/photos.app.goo.gl\/g4BbSMHputaDxiNc6\">\u00c0lbum de fotos.<\/a><\/p>\n<p>&nbsp;<\/p>\n","protected":false},"excerpt":{"rendered":"<p>El dia 5 d\u2019abril els alumnes de 6\u00e8 de Prim\u00e0ria varen \u00a0participar en les JORNADES \u00a0ESPORTIVES \u00a0DE PRIM\u00c0RIA que organitza l\u2019A.E. Vallbona , juntament amb el Consell Esportiu Comarcal.\u00a0 Els nois i noies de 6\u00e8 varen \u00a0fer partits de voleibol, handbol, futbol-pitxi, korfbol i\u00a0 futbol\u00a0&hellip;  <a href=\"https:\/\/agora.xtec.cat\/ceipgranullarius\/general\/jornades-esportives-de-6e-de-primaria\/\" title=\"Read JORNADES ESPORTIVES \u00a0DE 6\u00e8 DE\u00a0 PRIM\u00c0RIA\">Llegeix m\u00e9s\u00bb<\/a><\/p>\n","protected":false},"author":1,"featured_media":0,"comment_status":"closed","ping_status":"closed","sticky":false,"template":"","format":"standard","meta":{"_bbp_topic_count":0,"_bbp_reply_count":0,"_bbp_total_topic_count":0,"_bbp_total_reply_count":0,"_bbp_voice_count":0,"_bbp_anonymous_reply_count":0,"_bbp_topic_count_hidden":0,"_bbp_reply_count_hidden":0,"_bbp_forum_subforum_count":0,"footnotes":""},"categories":[15,1,4],"tags":[],"class_list":["post-928","post","type-post","status-publish","format-standard","hentry","category-6e","category-general","category-portada"],"post_mailing_queue_ids":[],"_links":{"self":[{"href":"https:\/\/agora.xtec.cat\/ceipgranullarius\/wp-json\/wp\/v2\/posts\/928","targetHints":{"allow":["GET"]}}],"collection":[{"href":"https:\/\/agora.xtec.cat\/ceipgranullarius\/wp-json\/wp\/v2\/posts"}],"about":[{"href":"https:\/\/agora.xtec.cat\/ceipgranullarius\/wp-json\/wp\/v2\/types\/post"}],"author":[{"embeddable":true,"href":"https:\/\/agora.xtec.cat\/ceipgranullarius\/wp-json\/wp\/v2\/users\/1"}],"replies":[{"embeddable":true,"href":"https:\/\/agora.xtec.cat\/ceipgranullarius\/wp-json\/wp\/v2\/comments?post=928"}],"version-history":[{"count":1,"href":"https:\/\/agora.xtec.cat\/ceipgranullarius\/wp-json\/wp\/v2\/posts\/928\/revisions"}],"predecessor-version":[{"id":929,"href":"https:\/\/agora.xtec.cat\/ceipgranullarius\/wp-json\/wp\/v2\/posts\/928\/revisions\/929"}],"wp:attachment":[{"href":"https:\/\/agora.xtec.cat\/ceipgranullarius\/wp-json\/wp\/v2\/media?parent=928"}],"wp:term":[{"taxonomy":"category","embeddable":true,"href":"https:\/\/agora.xtec.cat\/ceipgranullarius\/wp-json\/wp\/v2\/categories?post=928"},{"taxonomy":"post_tag","embeddable":true,"href":"https:\/\/agora.xtec.cat\/ceipgranullarius\/wp-json\/wp\/v2\/tags?post=928"}],"curies":[{"name":"wp","href":"https:\/\/api.w.org\/{rel}","templated":true}]}}