{"id":834,"date":"2019-02-15T16:29:00","date_gmt":"2019-02-15T15:29:00","guid":{"rendered":"http:\/\/agora.xtec.cat\/ceipgranullarius\/?p=834"},"modified":"2019-02-18T08:51:10","modified_gmt":"2019-02-18T07:51:10","slug":"concert-de-cobla","status":"publish","type":"post","link":"https:\/\/agora.xtec.cat\/ceipgranullarius\/general\/concert-de-cobla\/","title":{"rendered":"L\u2019AGRUPACI\u00d3 SARDANISTA DE GRANOLLERS ORGANITZA UN CONCERT DE COBLA DINS DEL PROJECTE DE SARDANES INICIAT A LA NOSTRA ESCOLA"},"content":{"rendered":"<p><strong><a href=\"https:\/\/agora.xtec.cat\/ceipgranullarius\/wp-content\/uploads\/usu769\/2019\/02\/000FOTO-PORTADA.jpg\"><img loading=\"lazy\" decoding=\"async\" class=\"size-medium wp-image-836 aligncenter\" src=\"https:\/\/agora.xtec.cat\/ceipgranullarius\/wp-content\/uploads\/usu769\/2019\/02\/000FOTO-PORTADA-300x225.jpg\" alt=\"\" width=\"300\" height=\"225\" srcset=\"https:\/\/agora.xtec.cat\/ceipgranullarius\/wp-content\/uploads\/usu769\/2019\/02\/000FOTO-PORTADA-300x225.jpg 300w, https:\/\/agora.xtec.cat\/ceipgranullarius\/wp-content\/uploads\/usu769\/2019\/02\/000FOTO-PORTADA-768x576.jpg 768w, https:\/\/agora.xtec.cat\/ceipgranullarius\/wp-content\/uploads\/usu769\/2019\/02\/000FOTO-PORTADA-1024x768.jpg 1024w, https:\/\/agora.xtec.cat\/ceipgranullarius\/wp-content\/uploads\/usu769\/2019\/02\/000FOTO-PORTADA-200x150.jpg 200w, https:\/\/agora.xtec.cat\/ceipgranullarius\/wp-content\/uploads\/usu769\/2019\/02\/000FOTO-PORTADA.jpg 1600w\" sizes=\"auto, (max-width: 300px) 100vw, 300px\" \/><\/a><br \/>\n<\/strong><\/p>\n<p>Avui hem assistit al <strong>Concert de la Cobla Ciutat de Granollers<\/strong> que ha organitzat l\u2019Agrupaci\u00f3 Sardanista de Granollers.<\/p>\n<p>Els nens i nenes de l\u2019Escola Granullarius de 4t, 5\u00e8 i 6\u00e8, les mestres i les fam\u00edlies han gaudit molt d\u2019aquesta experi\u00e8ncia. Ha estat un concert molt engrescador i am\u00e8 i hem apr\u00e8s molt\u00edssim!!<\/p>\n<p>Aquest <strong>concert <\/strong>\u00e9s una de les activitats que est\u00e0 dins del <strong>Projecte de Sardanes<\/strong> que portem a terme amb l\u2019alumnat de 4t\u00a0 amb l\u2019assessorament i la col\u00b7laboraci\u00f3 de l\u2019<strong>Agrupaci\u00f3 Sardanista de Granollers.<\/strong><\/p>\n<p>Donem les gr\u00e0cies a totes les persones implicades que han fet possible aquest Projecte de Sardanes, i molt especialment a en Ricard Saur\u00ed, a l\u2019Esteve Bassa, al Miquel Altimires i a la Maria Dolors Cladellas.<\/p>\n<p>MOLTES GR\u00c0CIES!!!<\/p>\n<p><a href=\"https:\/\/photos.app.goo.gl\/ESeKmfiLvAMsQwGu5\">\u00c0lbum de fotos.<\/a><\/p>\n<p><a href=\"https:\/\/youtu.be\/75VF3ROpCfg\">Veure el v\u00eddeo.<\/a><\/p>\n<p><a href=\"https:\/\/youtu.be\/AM1NwwffzVg\">V\u00eddeo 2.<\/a><\/p>\n<p><a href=\"https:\/\/youtu.be\/SkLcixkLiZ4\">V\u00eddeo 3.<\/a><\/p>\n","protected":false},"excerpt":{"rendered":"<p><a href=\"https:\/\/agora.xtec.cat\/ceipgranullarius\/wp-content\/uploads\/usu769\/2019\/02\/000FOTO-PORTADA.jpg\"><\/a><\/p>\n<p>Avui hem assistit al Concert de la Cobla Ciutat de Granollers que ha organitzat l\u2019Agrupaci\u00f3 Sardanista de Granollers.<br \/>\nEls nens i nenes de l\u2019Escola Granullarius de 4t, 5\u00e8 i 6\u00e8, les mestres i les fam\u00edlies han gaudit molt d\u2019aquesta experi\u00e8ncia. Ha estat un concert molt&hellip;  <a href=\"https:\/\/agora.xtec.cat\/ceipgranullarius\/general\/concert-de-cobla\/\" title=\"Read L\u2019AGRUPACI\u00d3 SARDANISTA DE GRANOLLERS ORGANITZA UN CONCERT DE COBLA DINS DEL PROJECTE DE SARDANES INICIAT A LA NOSTRA ESCOLA\">Llegeix m\u00e9s\u00bb<\/a><\/p>\n","protected":false},"author":1,"featured_media":0,"comment_status":"open","ping_status":"closed","sticky":false,"template":"","format":"standard","meta":{"_bbp_topic_count":0,"_bbp_reply_count":0,"_bbp_total_topic_count":0,"_bbp_total_reply_count":0,"_bbp_voice_count":0,"_bbp_anonymous_reply_count":0,"_bbp_topic_count_hidden":0,"_bbp_reply_count_hidden":0,"_bbp_forum_subforum_count":0,"footnotes":""},"categories":[1,4],"tags":[],"class_list":["post-834","post","type-post","status-publish","format-standard","hentry","category-general","category-portada"],"post_mailing_queue_ids":[],"_links":{"self":[{"href":"https:\/\/agora.xtec.cat\/ceipgranullarius\/wp-json\/wp\/v2\/posts\/834","targetHints":{"allow":["GET"]}}],"collection":[{"href":"https:\/\/agora.xtec.cat\/ceipgranullarius\/wp-json\/wp\/v2\/posts"}],"about":[{"href":"https:\/\/agora.xtec.cat\/ceipgranullarius\/wp-json\/wp\/v2\/types\/post"}],"author":[{"embeddable":true,"href":"https:\/\/agora.xtec.cat\/ceipgranullarius\/wp-json\/wp\/v2\/users\/1"}],"replies":[{"embeddable":true,"href":"https:\/\/agora.xtec.cat\/ceipgranullarius\/wp-json\/wp\/v2\/comments?post=834"}],"version-history":[{"count":3,"href":"https:\/\/agora.xtec.cat\/ceipgranullarius\/wp-json\/wp\/v2\/posts\/834\/revisions"}],"predecessor-version":[{"id":839,"href":"https:\/\/agora.xtec.cat\/ceipgranullarius\/wp-json\/wp\/v2\/posts\/834\/revisions\/839"}],"wp:attachment":[{"href":"https:\/\/agora.xtec.cat\/ceipgranullarius\/wp-json\/wp\/v2\/media?parent=834"}],"wp:term":[{"taxonomy":"category","embeddable":true,"href":"https:\/\/agora.xtec.cat\/ceipgranullarius\/wp-json\/wp\/v2\/categories?post=834"},{"taxonomy":"post_tag","embeddable":true,"href":"https:\/\/agora.xtec.cat\/ceipgranullarius\/wp-json\/wp\/v2\/tags?post=834"}],"curies":[{"name":"wp","href":"https:\/\/api.w.org\/{rel}","templated":true}]}}