{"id":749,"date":"2018-11-24T19:48:08","date_gmt":"2018-11-24T18:48:08","guid":{"rendered":"http:\/\/agora.xtec.cat\/ceipgranullarius\/?p=749"},"modified":"2018-11-24T19:48:08","modified_gmt":"2018-11-24T18:48:08","slug":"padrins-i-fillols-de-lectura","status":"publish","type":"post","link":"https:\/\/agora.xtec.cat\/ceipgranullarius\/portada\/padrins-i-fillols-de-lectura\/","title":{"rendered":"Padrins i Fillols de lectura"},"content":{"rendered":"<p>Sabeu que fem fet avui els alumnes de sis\u00e8 i primer???<\/p>\n<p>Hem celebrat la festa inaugural dels padrins i fillols de lectura!!! \u00a0Est\u00e0vem tots molt emocionats perqu\u00e8 ens feia molta il\u00b7lusi\u00f3 con\u00e8ixer la nostra parella. Hem esmorzat junts pa amb xocolata i ens hem explicat coses sobre nosaltres per poder-nos con\u00e8ixer una miqueta. Ha estat un mat\u00ed molt especial!.<\/p>\n<p>&nbsp;<\/p>\n<p><a href=\"https:\/\/photos.app.goo.gl\/26VjyAkjXosyP1vw7\">Veure l&#8217;\u00e0lbum de fotos.<\/a><\/p>\n","protected":false},"excerpt":{"rendered":"<p>Sabeu que fem fet avui els alumnes de sis\u00e8 i primer???<br \/>\nHem celebrat la festa inaugural dels padrins i fillols de lectura!!! \u00a0Est\u00e0vem tots molt emocionats perqu\u00e8 ens feia molta il\u00b7lusi\u00f3 con\u00e8ixer la nostra parella. Hem esmorzat junts pa amb xocolata i ens hem explicat coses&hellip;  <a href=\"https:\/\/agora.xtec.cat\/ceipgranullarius\/portada\/padrins-i-fillols-de-lectura\/\" title=\"Read Padrins i Fillols de lectura\">Llegeix m\u00e9s\u00bb<\/a><\/p>\n","protected":false},"author":1,"featured_media":0,"comment_status":"closed","ping_status":"closed","sticky":false,"template":"","format":"standard","meta":{"_bbp_topic_count":0,"_bbp_reply_count":0,"_bbp_total_topic_count":0,"_bbp_total_reply_count":0,"_bbp_voice_count":0,"_bbp_anonymous_reply_count":0,"_bbp_topic_count_hidden":0,"_bbp_reply_count_hidden":0,"_bbp_forum_subforum_count":0,"footnotes":""},"categories":[10,15,4],"tags":[],"class_list":["post-749","post","type-post","status-publish","format-standard","hentry","category-1r","category-6e","category-portada"],"post_mailing_queue_ids":[],"_links":{"self":[{"href":"https:\/\/agora.xtec.cat\/ceipgranullarius\/wp-json\/wp\/v2\/posts\/749","targetHints":{"allow":["GET"]}}],"collection":[{"href":"https:\/\/agora.xtec.cat\/ceipgranullarius\/wp-json\/wp\/v2\/posts"}],"about":[{"href":"https:\/\/agora.xtec.cat\/ceipgranullarius\/wp-json\/wp\/v2\/types\/post"}],"author":[{"embeddable":true,"href":"https:\/\/agora.xtec.cat\/ceipgranullarius\/wp-json\/wp\/v2\/users\/1"}],"replies":[{"embeddable":true,"href":"https:\/\/agora.xtec.cat\/ceipgranullarius\/wp-json\/wp\/v2\/comments?post=749"}],"version-history":[{"count":1,"href":"https:\/\/agora.xtec.cat\/ceipgranullarius\/wp-json\/wp\/v2\/posts\/749\/revisions"}],"predecessor-version":[{"id":750,"href":"https:\/\/agora.xtec.cat\/ceipgranullarius\/wp-json\/wp\/v2\/posts\/749\/revisions\/750"}],"wp:attachment":[{"href":"https:\/\/agora.xtec.cat\/ceipgranullarius\/wp-json\/wp\/v2\/media?parent=749"}],"wp:term":[{"taxonomy":"category","embeddable":true,"href":"https:\/\/agora.xtec.cat\/ceipgranullarius\/wp-json\/wp\/v2\/categories?post=749"},{"taxonomy":"post_tag","embeddable":true,"href":"https:\/\/agora.xtec.cat\/ceipgranullarius\/wp-json\/wp\/v2\/tags?post=749"}],"curies":[{"name":"wp","href":"https:\/\/api.w.org\/{rel}","templated":true}]}}