{"id":712,"date":"2018-11-05T11:27:45","date_gmt":"2018-11-05T10:27:45","guid":{"rendered":"http:\/\/agora.xtec.cat\/ceipgranullarius\/?p=712"},"modified":"2018-11-05T11:28:15","modified_gmt":"2018-11-05T10:28:15","slug":"sortida-4t-puig-de-les-forques","status":"publish","type":"post","link":"https:\/\/agora.xtec.cat\/ceipgranullarius\/portada\/sortida-4t-puig-de-les-forques\/","title":{"rendered":"Sortida 4t. Puig de les forques."},"content":{"rendered":"<p>Hola pares i mares, els nens i nenes de 4t vam anar el dilluns 15 d\u2019octubre al mirador del Puig de les Forques. \u00c9s un mirador molt maco que hi ha a dalt de tot de Granollers.<\/p>\n<p>All\u00e0 vam observar tot el Vall\u00e8s Oriental i les muntanyes que l\u2019envolten: el Montseny, Tur\u00f3 de l\u2019Home, el Corredor, Cingles de Bert\u00ed&#8230;..etc<\/p>\n<p>Tamb\u00e9 vam utilitzar la br\u00faixola per saber en quin punt cardinal ens trob\u00e0vem.<\/p>\n<p>Va ser un mat\u00ed d\u2019all\u00f2 m\u00e9s divertit!!!!!<\/p>\n<p>Us deixem aquestes fotos per qu\u00e8 ens veieu!!!<\/p>\n<p>&nbsp;<\/p>\n<p>Nens i nenes de 4t.<\/p>\n<p><a href=\"https:\/\/photos.app.goo.gl\/ZJuCSRs2R3xJG4Ec6\">\u00c0lbum de fotos.<\/a><\/p>\n","protected":false},"excerpt":{"rendered":"<p>Hola pares i mares, els nens i nenes de 4t vam anar el dilluns 15 d\u2019octubre al mirador del Puig de les Forques. \u00c9s un mirador molt maco que hi ha a dalt de tot de Granollers.<br \/>\nAll\u00e0 vam observar tot el Vall\u00e8s Oriental i les&hellip;  <a href=\"https:\/\/agora.xtec.cat\/ceipgranullarius\/portada\/sortida-4t-puig-de-les-forques\/\" title=\"Read Sortida 4t. Puig de les forques.\">Llegeix m\u00e9s\u00bb<\/a><\/p>\n","protected":false},"author":1,"featured_media":0,"comment_status":"closed","ping_status":"closed","sticky":false,"template":"","format":"standard","meta":{"_bbp_topic_count":0,"_bbp_reply_count":0,"_bbp_total_topic_count":0,"_bbp_total_reply_count":0,"_bbp_voice_count":0,"_bbp_anonymous_reply_count":0,"_bbp_topic_count_hidden":0,"_bbp_reply_count_hidden":0,"_bbp_forum_subforum_count":0,"footnotes":""},"categories":[13,4],"tags":[],"class_list":["post-712","post","type-post","status-publish","format-standard","hentry","category-4t","category-portada"],"post_mailing_queue_ids":[],"_links":{"self":[{"href":"https:\/\/agora.xtec.cat\/ceipgranullarius\/wp-json\/wp\/v2\/posts\/712","targetHints":{"allow":["GET"]}}],"collection":[{"href":"https:\/\/agora.xtec.cat\/ceipgranullarius\/wp-json\/wp\/v2\/posts"}],"about":[{"href":"https:\/\/agora.xtec.cat\/ceipgranullarius\/wp-json\/wp\/v2\/types\/post"}],"author":[{"embeddable":true,"href":"https:\/\/agora.xtec.cat\/ceipgranullarius\/wp-json\/wp\/v2\/users\/1"}],"replies":[{"embeddable":true,"href":"https:\/\/agora.xtec.cat\/ceipgranullarius\/wp-json\/wp\/v2\/comments?post=712"}],"version-history":[{"count":1,"href":"https:\/\/agora.xtec.cat\/ceipgranullarius\/wp-json\/wp\/v2\/posts\/712\/revisions"}],"predecessor-version":[{"id":713,"href":"https:\/\/agora.xtec.cat\/ceipgranullarius\/wp-json\/wp\/v2\/posts\/712\/revisions\/713"}],"wp:attachment":[{"href":"https:\/\/agora.xtec.cat\/ceipgranullarius\/wp-json\/wp\/v2\/media?parent=712"}],"wp:term":[{"taxonomy":"category","embeddable":true,"href":"https:\/\/agora.xtec.cat\/ceipgranullarius\/wp-json\/wp\/v2\/categories?post=712"},{"taxonomy":"post_tag","embeddable":true,"href":"https:\/\/agora.xtec.cat\/ceipgranullarius\/wp-json\/wp\/v2\/tags?post=712"}],"curies":[{"name":"wp","href":"https:\/\/api.w.org\/{rel}","templated":true}]}}