{"id":703,"date":"2018-10-25T11:24:09","date_gmt":"2018-10-25T09:24:09","guid":{"rendered":"http:\/\/agora.xtec.cat\/ceipgranullarius\/?p=703"},"modified":"2018-10-25T16:26:08","modified_gmt":"2018-10-25T14:26:08","slug":"taller-de-families","status":"publish","type":"post","link":"https:\/\/agora.xtec.cat\/ceipgranullarius\/portada\/taller-de-families\/","title":{"rendered":"Taller de fam\u00edlies"},"content":{"rendered":"<p>Dimarts 23 ens vam reunir a la Biblioteca de l\u2019escola, vam parlar de les activitats fetes el curs passat i les que farem enguany, de la decoraci\u00f3 de l\u2019entrada de l\u2019escola i de la preparaci\u00f3 de la festa de la castanyada.<\/p>\n<p>Moltes gr\u00e0cies per la vostra assist\u00e8ncia i aix\u00f2 nom\u00e9s ha fet comen\u00e7ar!!<\/p>\n<p>ENDAVANT!!<\/p>\n<p><a href=\"https:\/\/photos.app.goo.gl\/rUjMpn2L4DBN6KXR8\">\u00c0lbum de fotos.<\/a><\/p>\n","protected":false},"excerpt":{"rendered":"<p>Dimarts 23 ens vam reunir a la Biblioteca de l\u2019escola, vam parlar de les activitats fetes el curs passat i les que farem enguany, de la decoraci\u00f3 de l\u2019entrada de l\u2019escola i de la preparaci\u00f3 de la festa de la castanyada.<br \/>\nMoltes gr\u00e0cies per la vostra&hellip;  <a href=\"https:\/\/agora.xtec.cat\/ceipgranullarius\/portada\/taller-de-families\/\" title=\"Read Taller de fam\u00edlies\">Llegeix m\u00e9s\u00bb<\/a><\/p>\n","protected":false},"author":1,"featured_media":0,"comment_status":"closed","ping_status":"closed","sticky":false,"template":"","format":"standard","meta":{"_bbp_topic_count":0,"_bbp_reply_count":0,"_bbp_total_topic_count":0,"_bbp_total_reply_count":0,"_bbp_voice_count":0,"_bbp_anonymous_reply_count":0,"_bbp_topic_count_hidden":0,"_bbp_reply_count_hidden":0,"_bbp_forum_subforum_count":0,"footnotes":""},"categories":[4],"tags":[],"class_list":["post-703","post","type-post","status-publish","format-standard","hentry","category-portada"],"post_mailing_queue_ids":[],"_links":{"self":[{"href":"https:\/\/agora.xtec.cat\/ceipgranullarius\/wp-json\/wp\/v2\/posts\/703","targetHints":{"allow":["GET"]}}],"collection":[{"href":"https:\/\/agora.xtec.cat\/ceipgranullarius\/wp-json\/wp\/v2\/posts"}],"about":[{"href":"https:\/\/agora.xtec.cat\/ceipgranullarius\/wp-json\/wp\/v2\/types\/post"}],"author":[{"embeddable":true,"href":"https:\/\/agora.xtec.cat\/ceipgranullarius\/wp-json\/wp\/v2\/users\/1"}],"replies":[{"embeddable":true,"href":"https:\/\/agora.xtec.cat\/ceipgranullarius\/wp-json\/wp\/v2\/comments?post=703"}],"version-history":[{"count":3,"href":"https:\/\/agora.xtec.cat\/ceipgranullarius\/wp-json\/wp\/v2\/posts\/703\/revisions"}],"predecessor-version":[{"id":707,"href":"https:\/\/agora.xtec.cat\/ceipgranullarius\/wp-json\/wp\/v2\/posts\/703\/revisions\/707"}],"wp:attachment":[{"href":"https:\/\/agora.xtec.cat\/ceipgranullarius\/wp-json\/wp\/v2\/media?parent=703"}],"wp:term":[{"taxonomy":"category","embeddable":true,"href":"https:\/\/agora.xtec.cat\/ceipgranullarius\/wp-json\/wp\/v2\/categories?post=703"},{"taxonomy":"post_tag","embeddable":true,"href":"https:\/\/agora.xtec.cat\/ceipgranullarius\/wp-json\/wp\/v2\/tags?post=703"}],"curies":[{"name":"wp","href":"https:\/\/api.w.org\/{rel}","templated":true}]}}