{"id":659,"date":"2018-06-07T10:53:40","date_gmt":"2018-06-07T08:53:40","guid":{"rendered":"http:\/\/agora.xtec.cat\/ceipgranullarius\/?p=659"},"modified":"2018-06-07T10:53:40","modified_gmt":"2018-06-07T08:53:40","slug":"cloenda-extraescolar-basquet","status":"publish","type":"post","link":"https:\/\/agora.xtec.cat\/ceipgranullarius\/portada\/cloenda-extraescolar-basquet\/","title":{"rendered":"Cloenda extraescolar b\u00e0squet"},"content":{"rendered":"<p>El divendres 1 de juny es va fer la cloenda de l&#8217;activitat d&#8217;extraescolar de b\u00e0squet amb la participaci\u00f3 de les fam\u00edlies assistents.<\/p>\n<p><a href=\"https:\/\/photos.app.goo.gl\/wFycDn80F16tqa5l2\">Fes clic per veure l&#8217;\u00e0lbum de fotos.<\/a><\/p>\n","protected":false},"excerpt":{"rendered":"<p>El divendres 1 de juny es va fer la cloenda de l&#8217;activitat d&#8217;extraescolar de b\u00e0squet amb la participaci\u00f3 de les fam\u00edlies assistents.<br \/>\n<a href=\"https:\/\/photos.app.goo.gl\/wFycDn80F16tqa5l2\">Fes clic per veure l&#8217;\u00e0lbum de fotos.<\/a><\/p>\n","protected":false},"author":1,"featured_media":0,"comment_status":"closed","ping_status":"closed","sticky":false,"template":"","format":"standard","meta":{"_bbp_topic_count":0,"_bbp_reply_count":0,"_bbp_total_topic_count":0,"_bbp_total_reply_count":0,"_bbp_voice_count":0,"_bbp_anonymous_reply_count":0,"_bbp_topic_count_hidden":0,"_bbp_reply_count_hidden":0,"_bbp_forum_subforum_count":0,"footnotes":""},"categories":[4],"tags":[],"class_list":["post-659","post","type-post","status-publish","format-standard","hentry","category-portada"],"post_mailing_queue_ids":[],"_links":{"self":[{"href":"https:\/\/agora.xtec.cat\/ceipgranullarius\/wp-json\/wp\/v2\/posts\/659","targetHints":{"allow":["GET"]}}],"collection":[{"href":"https:\/\/agora.xtec.cat\/ceipgranullarius\/wp-json\/wp\/v2\/posts"}],"about":[{"href":"https:\/\/agora.xtec.cat\/ceipgranullarius\/wp-json\/wp\/v2\/types\/post"}],"author":[{"embeddable":true,"href":"https:\/\/agora.xtec.cat\/ceipgranullarius\/wp-json\/wp\/v2\/users\/1"}],"replies":[{"embeddable":true,"href":"https:\/\/agora.xtec.cat\/ceipgranullarius\/wp-json\/wp\/v2\/comments?post=659"}],"version-history":[{"count":1,"href":"https:\/\/agora.xtec.cat\/ceipgranullarius\/wp-json\/wp\/v2\/posts\/659\/revisions"}],"predecessor-version":[{"id":660,"href":"https:\/\/agora.xtec.cat\/ceipgranullarius\/wp-json\/wp\/v2\/posts\/659\/revisions\/660"}],"wp:attachment":[{"href":"https:\/\/agora.xtec.cat\/ceipgranullarius\/wp-json\/wp\/v2\/media?parent=659"}],"wp:term":[{"taxonomy":"category","embeddable":true,"href":"https:\/\/agora.xtec.cat\/ceipgranullarius\/wp-json\/wp\/v2\/categories?post=659"},{"taxonomy":"post_tag","embeddable":true,"href":"https:\/\/agora.xtec.cat\/ceipgranullarius\/wp-json\/wp\/v2\/tags?post=659"}],"curies":[{"name":"wp","href":"https:\/\/api.w.org\/{rel}","templated":true}]}}