{"id":644,"date":"2018-05-10T10:16:10","date_gmt":"2018-05-10T08:16:10","guid":{"rendered":"http:\/\/agora.xtec.cat\/ceipgranullarius\/?p=644"},"modified":"2018-05-17T10:49:02","modified_gmt":"2018-05-17T08:49:02","slug":"gravacio-a-radio-granollers-2","status":"publish","type":"post","link":"https:\/\/agora.xtec.cat\/ceipgranullarius\/general\/gravacio-a-radio-granollers-2\/","title":{"rendered":"Gravaci\u00f3 a R\u00e0dio Granollers"},"content":{"rendered":"<p>Dimecres 9 de maig en representaci\u00f3 de tots els alumnes de 5\u00e8 de l&#8217;escola, 3 grups de companys, van anar a les instal.lacions de R\u00e0dio Granollers (107.6 MHz) a gravar un programa de r\u00e0dio que s&#8217;emetr\u00e0 aquest dissabte dia 12 al mat\u00ed (no ens van concretar l&#8217;hora).<\/p>\n<p>Els alumnes es van posar en la pell dels veritables periodistes i van gaudir d&#8217;una feina molt ben feta.<\/p>\n<p><a href=\"https:\/\/photos.app.goo.gl\/U1E2bG2742Gy9YTt2\">Fes clic per veure l&#8217;\u00e0lbum de fotos.<\/a><\/p>\n<p>Clica per escoltar el programa de r\u00e0dio:<\/p>\n<ul>\n<li><a href=\"https:\/\/soundcloud.com\/user-34322628\/entorn-radio-escola-granullarius-180512\">Gravat a\u00a0R\u00e0dio Granollers<\/a>.<\/li>\n<\/ul>\n<p>Donat que als programes que hem gravat a l&#8217;escola s&#8217;han insertat can\u00e7ons de les que no tenim copyright no les podem penjar a internet, cada alumne t\u00e9 la c\u00f2pia del seu programa al Google Drive.<\/p>\n<p>&nbsp;<\/p>\n","protected":false},"excerpt":{"rendered":"<p>Dimecres 9 de maig en representaci\u00f3 de tots els alumnes de 5\u00e8 de l&#8217;escola, 3 grups de companys, van anar a les instal.lacions de R\u00e0dio Granollers (107.6 MHz) a gravar un programa de r\u00e0dio que s&#8217;emetr\u00e0 aquest dissabte dia 12 al mat\u00ed (no ens van&hellip;  <a href=\"https:\/\/agora.xtec.cat\/ceipgranullarius\/general\/gravacio-a-radio-granollers-2\/\" title=\"Read Gravaci\u00f3 a R\u00e0dio Granollers\">Llegeix m\u00e9s\u00bb<\/a><\/p>\n","protected":false},"author":1,"featured_media":0,"comment_status":"open","ping_status":"closed","sticky":false,"template":"","format":"standard","meta":{"_bbp_topic_count":0,"_bbp_reply_count":0,"_bbp_total_topic_count":0,"_bbp_total_reply_count":0,"_bbp_voice_count":0,"_bbp_anonymous_reply_count":0,"_bbp_topic_count_hidden":0,"_bbp_reply_count_hidden":0,"_bbp_forum_subforum_count":0,"footnotes":""},"categories":[14,1,4],"tags":[],"class_list":["post-644","post","type-post","status-publish","format-standard","hentry","category-5e","category-general","category-portada"],"post_mailing_queue_ids":[],"_links":{"self":[{"href":"https:\/\/agora.xtec.cat\/ceipgranullarius\/wp-json\/wp\/v2\/posts\/644","targetHints":{"allow":["GET"]}}],"collection":[{"href":"https:\/\/agora.xtec.cat\/ceipgranullarius\/wp-json\/wp\/v2\/posts"}],"about":[{"href":"https:\/\/agora.xtec.cat\/ceipgranullarius\/wp-json\/wp\/v2\/types\/post"}],"author":[{"embeddable":true,"href":"https:\/\/agora.xtec.cat\/ceipgranullarius\/wp-json\/wp\/v2\/users\/1"}],"replies":[{"embeddable":true,"href":"https:\/\/agora.xtec.cat\/ceipgranullarius\/wp-json\/wp\/v2\/comments?post=644"}],"version-history":[{"count":3,"href":"https:\/\/agora.xtec.cat\/ceipgranullarius\/wp-json\/wp\/v2\/posts\/644\/revisions"}],"predecessor-version":[{"id":652,"href":"https:\/\/agora.xtec.cat\/ceipgranullarius\/wp-json\/wp\/v2\/posts\/644\/revisions\/652"}],"wp:attachment":[{"href":"https:\/\/agora.xtec.cat\/ceipgranullarius\/wp-json\/wp\/v2\/media?parent=644"}],"wp:term":[{"taxonomy":"category","embeddable":true,"href":"https:\/\/agora.xtec.cat\/ceipgranullarius\/wp-json\/wp\/v2\/categories?post=644"},{"taxonomy":"post_tag","embeddable":true,"href":"https:\/\/agora.xtec.cat\/ceipgranullarius\/wp-json\/wp\/v2\/tags?post=644"}],"curies":[{"name":"wp","href":"https:\/\/api.w.org\/{rel}","templated":true}]}}