{"id":601,"date":"2018-02-21T15:06:03","date_gmt":"2018-02-21T14:06:03","guid":{"rendered":"http:\/\/agora.xtec.cat\/ceipgranullarius\/?p=601"},"modified":"2018-02-21T15:06:03","modified_gmt":"2018-02-21T14:06:03","slug":"esport-adaptat-esport-inclusiu-4t","status":"publish","type":"post","link":"https:\/\/agora.xtec.cat\/ceipgranullarius\/general\/esport-adaptat-esport-inclusiu-4t\/","title":{"rendered":"Esport adaptat, esport inclusiu, 4t."},"content":{"rendered":"<p>L\u2019alumnat de 4t hem participat en un taller d\u2019esport adaptat i inclusiu. V\u00e0rem fer\u00a0 jocs i unes activitats pr\u00e8vies\u00a0 a la classe d\u2019Ed F\u00edsica i el dia 14 de febrer v\u00e0rem fer el taller on v\u00e0rem practicar: boccia, b\u00e0squet amb cadires de rodes\u00a0 i orientaci\u00f3 amb els ulls tapats.\u00a0 Hem apr\u00e8s\u00a0 la import\u00e0ncia d\u2019incloure a totes aquelles persones que tenen una discapacitat en el m\u00f3n de l\u2019esport , per\u00f2 tamb\u00e9 ara sabem, \u00a0que \u00e9s\u00a0 molt important treballar i desenvolupar el m\u00e0xim de\u00a0 capacitats possibles al llarg de la nostra vida.<\/p>\n<p><a href=\"https:\/\/photos.app.goo.gl\/B3sQ1ApdhvmEmzuu2\">\u00c0lbum de fotos.<\/a><\/p>\n","protected":false},"excerpt":{"rendered":"<p>L\u2019alumnat de 4t hem participat en un taller d\u2019esport adaptat i inclusiu. V\u00e0rem fer\u00a0 jocs i unes activitats pr\u00e8vies\u00a0 a la classe d\u2019Ed F\u00edsica i el dia 14 de febrer v\u00e0rem fer el taller on v\u00e0rem practicar: boccia, b\u00e0squet amb cadires de rodes\u00a0 i orientaci\u00f3&hellip;  <a href=\"https:\/\/agora.xtec.cat\/ceipgranullarius\/general\/esport-adaptat-esport-inclusiu-4t\/\" title=\"Read Esport adaptat, esport inclusiu, 4t.\">Llegeix m\u00e9s\u00bb<\/a><\/p>\n","protected":false},"author":1,"featured_media":0,"comment_status":"open","ping_status":"closed","sticky":false,"template":"","format":"standard","meta":{"_bbp_topic_count":0,"_bbp_reply_count":0,"_bbp_total_topic_count":0,"_bbp_total_reply_count":0,"_bbp_voice_count":0,"_bbp_anonymous_reply_count":0,"_bbp_topic_count_hidden":0,"_bbp_reply_count_hidden":0,"_bbp_forum_subforum_count":0,"footnotes":""},"categories":[13,1,4],"tags":[],"class_list":["post-601","post","type-post","status-publish","format-standard","hentry","category-4t","category-general","category-portada"],"post_mailing_queue_ids":[],"_links":{"self":[{"href":"https:\/\/agora.xtec.cat\/ceipgranullarius\/wp-json\/wp\/v2\/posts\/601","targetHints":{"allow":["GET"]}}],"collection":[{"href":"https:\/\/agora.xtec.cat\/ceipgranullarius\/wp-json\/wp\/v2\/posts"}],"about":[{"href":"https:\/\/agora.xtec.cat\/ceipgranullarius\/wp-json\/wp\/v2\/types\/post"}],"author":[{"embeddable":true,"href":"https:\/\/agora.xtec.cat\/ceipgranullarius\/wp-json\/wp\/v2\/users\/1"}],"replies":[{"embeddable":true,"href":"https:\/\/agora.xtec.cat\/ceipgranullarius\/wp-json\/wp\/v2\/comments?post=601"}],"version-history":[{"count":1,"href":"https:\/\/agora.xtec.cat\/ceipgranullarius\/wp-json\/wp\/v2\/posts\/601\/revisions"}],"predecessor-version":[{"id":602,"href":"https:\/\/agora.xtec.cat\/ceipgranullarius\/wp-json\/wp\/v2\/posts\/601\/revisions\/602"}],"wp:attachment":[{"href":"https:\/\/agora.xtec.cat\/ceipgranullarius\/wp-json\/wp\/v2\/media?parent=601"}],"wp:term":[{"taxonomy":"category","embeddable":true,"href":"https:\/\/agora.xtec.cat\/ceipgranullarius\/wp-json\/wp\/v2\/categories?post=601"},{"taxonomy":"post_tag","embeddable":true,"href":"https:\/\/agora.xtec.cat\/ceipgranullarius\/wp-json\/wp\/v2\/tags?post=601"}],"curies":[{"name":"wp","href":"https:\/\/api.w.org\/{rel}","templated":true}]}}