{"id":590,"date":"2018-02-06T10:16:33","date_gmt":"2018-02-06T09:16:33","guid":{"rendered":"http:\/\/agora.xtec.cat\/ceipgranullarius\/?p=590"},"modified":"2018-02-06T10:16:33","modified_gmt":"2018-02-06T09:16:33","slug":"32a-edicio-de-la-mini-de-granollers","status":"publish","type":"post","link":"https:\/\/agora.xtec.cat\/ceipgranullarius\/general\/32a-edicio-de-la-mini-de-granollers\/","title":{"rendered":"32\u00aa EDICI\u00d3 DE LA MINI DE GRANOLLERS"},"content":{"rendered":"<p>L\u2019Associaci\u00f3 Esportiva La Mitja va organitzar la 32\u00aa edici\u00f3 de la Mini de Granollers el passat dissabte dia 3 de febrer de 2018. Les diferents categories : Baldufes, Prebenjamins, Benjamins , Alevins i Infantils sortien des de diversos\u00a0 punts del carrer m\u00e9s c\u00e8ntric de la nostra ciutat recorrent diferents dist\u00e0ncies en funci\u00f3 d\u2019aquestes categories.<\/p>\n<p>Molts alumnes de la nostra escola han participat a la Mini, ja sigui amb l\u2019escola o amb el Club Atl\u00e8tic Granollers.<\/p>\n<p>Cal destacar les classificacions i p\u00f2diums\u00a0 del nostre alumnat:<\/p>\n<p>David P\u00e9rez : 8\u00e8 de les Baldufes.<\/p>\n<p>Unai Farr\u00e0s: 11\u00e8 Benjam\u00ed mascul\u00ed.<\/p>\n<p>Laia Escot\u00e9: 3\u00aa\u00a0 Benjam\u00ed femen\u00ed (p\u00f2dium).<\/p>\n<p>Martina Garcia: 2\u00aa Alev\u00ed femen\u00ed (p\u00f2dium).<\/p>\n<p>Abel Romero: 8\u00e8 Infantil mascul\u00ed.<\/p>\n<p>Moltes felicitats a tots i totes elles, aix\u00ed com a la resta de participants de la nostra escola!<\/p>\n<p><a href=\"https:\/\/photos.app.goo.gl\/4xmdVtseBzu9rAkj2\">\u00c0lbum de fotos.<\/a><\/p>\n","protected":false},"excerpt":{"rendered":"<p>L\u2019Associaci\u00f3 Esportiva La Mitja va organitzar la 32\u00aa edici\u00f3 de la Mini de Granollers el passat dissabte dia 3 de febrer de 2018. Les diferents categories : Baldufes, Prebenjamins, Benjamins , Alevins i Infantils sortien des de diversos\u00a0 punts del carrer m\u00e9s c\u00e8ntric de la&hellip;  <a href=\"https:\/\/agora.xtec.cat\/ceipgranullarius\/general\/32a-edicio-de-la-mini-de-granollers\/\" title=\"Read 32\u00aa EDICI\u00d3 DE LA MINI DE GRANOLLERS\">Llegeix m\u00e9s\u00bb<\/a><\/p>\n","protected":false},"author":1,"featured_media":0,"comment_status":"open","ping_status":"closed","sticky":false,"template":"","format":"standard","meta":{"_bbp_topic_count":0,"_bbp_reply_count":0,"_bbp_total_topic_count":0,"_bbp_total_reply_count":0,"_bbp_voice_count":0,"_bbp_anonymous_reply_count":0,"_bbp_topic_count_hidden":0,"_bbp_reply_count_hidden":0,"_bbp_forum_subforum_count":0,"footnotes":""},"categories":[1,4],"tags":[],"class_list":["post-590","post","type-post","status-publish","format-standard","hentry","category-general","category-portada"],"post_mailing_queue_ids":[],"_links":{"self":[{"href":"https:\/\/agora.xtec.cat\/ceipgranullarius\/wp-json\/wp\/v2\/posts\/590","targetHints":{"allow":["GET"]}}],"collection":[{"href":"https:\/\/agora.xtec.cat\/ceipgranullarius\/wp-json\/wp\/v2\/posts"}],"about":[{"href":"https:\/\/agora.xtec.cat\/ceipgranullarius\/wp-json\/wp\/v2\/types\/post"}],"author":[{"embeddable":true,"href":"https:\/\/agora.xtec.cat\/ceipgranullarius\/wp-json\/wp\/v2\/users\/1"}],"replies":[{"embeddable":true,"href":"https:\/\/agora.xtec.cat\/ceipgranullarius\/wp-json\/wp\/v2\/comments?post=590"}],"version-history":[{"count":2,"href":"https:\/\/agora.xtec.cat\/ceipgranullarius\/wp-json\/wp\/v2\/posts\/590\/revisions"}],"predecessor-version":[{"id":592,"href":"https:\/\/agora.xtec.cat\/ceipgranullarius\/wp-json\/wp\/v2\/posts\/590\/revisions\/592"}],"wp:attachment":[{"href":"https:\/\/agora.xtec.cat\/ceipgranullarius\/wp-json\/wp\/v2\/media?parent=590"}],"wp:term":[{"taxonomy":"category","embeddable":true,"href":"https:\/\/agora.xtec.cat\/ceipgranullarius\/wp-json\/wp\/v2\/categories?post=590"},{"taxonomy":"post_tag","embeddable":true,"href":"https:\/\/agora.xtec.cat\/ceipgranullarius\/wp-json\/wp\/v2\/tags?post=590"}],"curies":[{"name":"wp","href":"https:\/\/api.w.org\/{rel}","templated":true}]}}