{"id":584,"date":"2018-02-02T09:01:23","date_gmt":"2018-02-02T08:01:23","guid":{"rendered":"http:\/\/agora.xtec.cat\/ceipgranullarius\/?p=584"},"modified":"2018-02-02T13:17:33","modified_gmt":"2018-02-02T12:17:33","slug":"carnaval-2018","status":"publish","type":"post","link":"https:\/\/agora.xtec.cat\/ceipgranullarius\/general\/carnaval-2018\/","title":{"rendered":"Carnaval 2018"},"content":{"rendered":"<p><strong>Nens i nenes de l\u2019escola Granullarius:<\/strong><\/p>\n<p>Un any m\u00e9s, el rei Carnestoltes, rei dels poca-soltes, ens ha vingut a visitar i unes ordres donar!<\/p>\n<p>Llegiu-les molt b\u00e9, per saber qu\u00e8 cal portar la setmana que ve!<\/p>\n<p><strong>DILLUNS 5:<\/strong> el pijama portar\u00e0s, per\u00f2 adormit no et quedar\u00e0s.<\/p>\n<p><strong>DIMARTS 6:<\/strong> per sobre dels pantalons, portar\u00e0s diferents els mitjons.<\/p>\n<p><strong>DIMECRES 7:<\/strong> el cap ben abrigadet, amb una gorra o un barret.<\/p>\n<p><strong>DIJOUS 8:<\/strong> collarets i polseres dur\u00e0s i ben elegant estar\u00e0s.<\/p>\n<p><strong>DIVENDRES 9:<\/strong> disfressat vindr\u00e0s, amb tots els complements que haur\u00e0s portat!<\/p>\n<p style=\"font-weight: 400;\">Aix\u00ed que ning\u00fa s\u2019oblidi de seguir les seves consignes i que comenci el Carnaval!<\/p>\n<p><a href=\"https:\/\/photos.app.goo.gl\/ZpJov0NqJEhTPbnj2\">\u00c0lbum de fotos.<\/a><\/p>\n<p><a href=\"https:\/\/youtu.be\/d4xkYm9NeBc\">V\u00eddeo 1<\/a> &#8211;\u00a0<a href=\"https:\/\/youtu.be\/uI4C1Zm2vGU\">V\u00eddeo 2<\/a> &#8211;\u00a0<a href=\"https:\/\/youtu.be\/-cpE9gCxOOk\">V\u00eddeo 3<\/a><\/p>\n","protected":false},"excerpt":{"rendered":"<p>Nens i nenes de l\u2019escola Granullarius:<br \/>\nUn any m\u00e9s, el rei Carnestoltes, rei dels poca-soltes, ens ha vingut a visitar i unes ordres donar!<br \/>\nLlegiu-les molt b\u00e9, per saber qu\u00e8 cal portar la setmana que ve!<br \/>\nDILLUNS 5: el pijama portar\u00e0s, per\u00f2 adormit no et quedar\u00e0s.<br \/>\nDIMARTS 6: per&hellip;  <a href=\"https:\/\/agora.xtec.cat\/ceipgranullarius\/general\/carnaval-2018\/\" title=\"Read Carnaval 2018\">Llegeix m\u00e9s\u00bb<\/a><\/p>\n","protected":false},"author":1,"featured_media":587,"comment_status":"closed","ping_status":"closed","sticky":false,"template":"","format":"standard","meta":{"_bbp_topic_count":0,"_bbp_reply_count":0,"_bbp_total_topic_count":0,"_bbp_total_reply_count":0,"_bbp_voice_count":0,"_bbp_anonymous_reply_count":0,"_bbp_topic_count_hidden":0,"_bbp_reply_count_hidden":0,"_bbp_forum_subforum_count":0,"footnotes":""},"categories":[1,4],"tags":[],"class_list":["post-584","post","type-post","status-publish","format-standard","has-post-thumbnail","hentry","category-general","category-portada"],"post_mailing_queue_ids":[],"_links":{"self":[{"href":"https:\/\/agora.xtec.cat\/ceipgranullarius\/wp-json\/wp\/v2\/posts\/584","targetHints":{"allow":["GET"]}}],"collection":[{"href":"https:\/\/agora.xtec.cat\/ceipgranullarius\/wp-json\/wp\/v2\/posts"}],"about":[{"href":"https:\/\/agora.xtec.cat\/ceipgranullarius\/wp-json\/wp\/v2\/types\/post"}],"author":[{"embeddable":true,"href":"https:\/\/agora.xtec.cat\/ceipgranullarius\/wp-json\/wp\/v2\/users\/1"}],"replies":[{"embeddable":true,"href":"https:\/\/agora.xtec.cat\/ceipgranullarius\/wp-json\/wp\/v2\/comments?post=584"}],"version-history":[{"count":3,"href":"https:\/\/agora.xtec.cat\/ceipgranullarius\/wp-json\/wp\/v2\/posts\/584\/revisions"}],"predecessor-version":[{"id":589,"href":"https:\/\/agora.xtec.cat\/ceipgranullarius\/wp-json\/wp\/v2\/posts\/584\/revisions\/589"}],"wp:featuredmedia":[{"embeddable":true,"href":"https:\/\/agora.xtec.cat\/ceipgranullarius\/wp-json\/wp\/v2\/media\/587"}],"wp:attachment":[{"href":"https:\/\/agora.xtec.cat\/ceipgranullarius\/wp-json\/wp\/v2\/media?parent=584"}],"wp:term":[{"taxonomy":"category","embeddable":true,"href":"https:\/\/agora.xtec.cat\/ceipgranullarius\/wp-json\/wp\/v2\/categories?post=584"},{"taxonomy":"post_tag","embeddable":true,"href":"https:\/\/agora.xtec.cat\/ceipgranullarius\/wp-json\/wp\/v2\/tags?post=584"}],"curies":[{"name":"wp","href":"https:\/\/api.w.org\/{rel}","templated":true}]}}